{"id":941,"date":"2021-07-27T09:15:16","date_gmt":"2021-07-27T09:15:16","guid":{"rendered":"http:\/\/activas.pt\/portal\/?p=941"},"modified":"2021-07-27T09:19:51","modified_gmt":"2021-07-27T09:19:51","slug":"participacao-na-conferencia-sustainable-places-2020","status":"publish","type":"post","link":"http:\/\/activas.pt\/portal\/?p=941","title":{"rendered":"Participa\u00e7\u00e3o na Confer\u00eancia Sustainable Places 2020"},"content":{"rendered":"\n<p>A C\u00e1ritas Diocesana de Coimbra, representada pela Diretora de Inova\u00e7\u00e3o \u2013 Carina Dantas, participou no dia 30 de outubro no workshop \u201cSustainable Housing Supporting Health and Well-being\u201d (Sa\u00fade e bem-estar apoiados pela habita\u00e7\u00e3o sustent\u00e1vel), no 4.\u00ba dia da <a href=\"https:\/\/www.sustainableplaces.eu\/home\/previous\/sp2020\/\" target=\"_blank\" rel=\"noreferrer noopener\">Confer\u00eancia Sustainable Places 2020<\/a>.<\/p>\n\n\n\n<p>Carina Dantas apresentou o tema \u201cAmbientes Inteligentes, Saud\u00e1veis e Amig\u00e1veis \u2013 pol\u00edticas e implementa\u00e7\u00e3o\u201d, tendo apresentado ao p\u00fablico de que forma um conceito criado se traduz neste momento em diversos projetos internacionais, como o Pharaon, Net4Agefriendly, Hands-on-SHAFE, Smartwork, EU_SHAFE, projetos nacionais como o ACTIVAS e o CR55+ e o trabalho e pol\u00edticas derivados da rede SHAFE.<\/p>\n","protected":false},"excerpt":{"rendered":"<p>A C\u00e1ritas Diocesana de Coimbra, representada pela Diretora de Inova\u00e7\u00e3o \u2013 Carina Dantas, participou no dia 30 de outubro no workshop \u201cSustainable Housing Supporting Health and Well-being\u201d (Sa\u00fade e bem-estar apoiados pela habita\u00e7\u00e3o sustent\u00e1vel), no 4.\u00ba dia da Confer\u00eancia Sustainable Places 2020. Carina Dantas apresentou o tema \u201cAmbientes Inteligentes, Saud\u00e1veis e Amig\u00e1veis \u2013 pol\u00edticas e&#8230;<\/p>\n","protected":false},"author":1,"featured_media":944,"comment_status":"open","ping_status":"open","sticky":false,"template":"","format":"standard","meta":{"kt_blocks_editor_width":"","_kad_post_transparent":"","_kad_post_title":"","_kad_post_layout":"","_kad_post_sidebar_id":"","_kad_post_content_style":"","_kad_post_vertical_padding":"","_kad_post_feature":"","_kad_post_feature_position":"","_kad_post_header":false,"_kad_post_footer":false,"footnotes":""},"categories":[7],"tags":[],"class_list":["post-941","post","type-post","status-publish","format-standard","has-post-thumbnail","hentry","category-eventos"],"featured_image_src_large":["http:\/\/activas.pt\/portal\/wp-content\/uploads\/2021\/07\/chris-montgomery-smgTvepind4-unsplash-1024x768.jpg",1024,768,true],"author_info":{"display_name":"admin","author_link":"http:\/\/activas.pt\/portal\/?author=1"},"comment_info":0,"category_info":[{"term_id":7,"name":"Eventos","slug":"eventos","term_group":0,"term_taxonomy_id":7,"taxonomy":"category","description":"","parent":0,"count":15,"filter":"raw","cat_ID":7,"category_count":15,"category_description":"","cat_name":"Eventos","category_nicename":"eventos","category_parent":0}],"tag_info":false,"taxonomy_info":{"category":[{"value":7,"label":"Eventos"}]},"_links":{"self":[{"href":"http:\/\/activas.pt\/portal\/index.php?rest_route=\/wp\/v2\/posts\/941","targetHints":{"allow":["GET"]}}],"collection":[{"href":"http:\/\/activas.pt\/portal\/index.php?rest_route=\/wp\/v2\/posts"}],"about":[{"href":"http:\/\/activas.pt\/portal\/index.php?rest_route=\/wp\/v2\/types\/post"}],"author":[{"embeddable":true,"href":"http:\/\/activas.pt\/portal\/index.php?rest_route=\/wp\/v2\/users\/1"}],"replies":[{"embeddable":true,"href":"http:\/\/activas.pt\/portal\/index.php?rest_route=%2Fwp%2Fv2%2Fcomments&post=941"}],"version-history":[{"count":1,"href":"http:\/\/activas.pt\/portal\/index.php?rest_route=\/wp\/v2\/posts\/941\/revisions"}],"predecessor-version":[{"id":943,"href":"http:\/\/activas.pt\/portal\/index.php?rest_route=\/wp\/v2\/posts\/941\/revisions\/943"}],"wp:featuredmedia":[{"embeddable":true,"href":"http:\/\/activas.pt\/portal\/index.php?rest_route=\/wp\/v2\/media\/944"}],"wp:attachment":[{"href":"http:\/\/activas.pt\/portal\/index.php?rest_route=%2Fwp%2Fv2%2Fmedia&parent=941"}],"wp:term":[{"taxonomy":"category","embeddable":true,"href":"http:\/\/activas.pt\/portal\/index.php?rest_route=%2Fwp%2Fv2%2Fcategories&post=941"},{"taxonomy":"post_tag","embeddable":true,"href":"http:\/\/activas.pt\/portal\/index.php?rest_route=%2Fwp%2Fv2%2Ftags&post=941"}],"curies":[{"name":"wp","href":"https:\/\/api.w.org\/{rel}","templated":true}]}}