{"id":937,"date":"2021-07-27T09:00:02","date_gmt":"2021-07-27T09:00:02","guid":{"rendered":"http:\/\/activas.pt\/portal\/?p=937"},"modified":"2021-07-27T09:02:34","modified_gmt":"2021-07-27T09:02:34","slug":"activas-marca-presenca-na-conferemcoa-dsai2020","status":"publish","type":"post","link":"http:\/\/activas.pt\/portal\/?p=937","title":{"rendered":"ActiVas marca presen\u00e7a na Confer\u00eancia DSAI2020"},"content":{"rendered":"\n<p>Carina Dantas, do Departamento de Inova\u00e7\u00e3o da C\u00e1ritas de Coimbra, foi keynote speaker na <a href=\"http:\/\/dsai.ws\/2020\/\" target=\"_blank\" rel=\"noreferrer noopener\">9\u00aa Confer\u00eancia Internacional sobre Desenvolvimento de Software e Tecnologias para Aumentar a Acessibilidade e Combater a Infoexclus\u00e3o<\/a> (9th International Conference on Software Development and Technologies for Enhancing Accessibility and Fighting Info-exclusion) que se realizou de 2 a 4 de dezembro, em formato online.<\/p>\n\n\n\n<p> \u201cSem desculpas \u2013 continuar a investir no bem-estar e na inclus\u00e3o\u201d foi o tema apresentado na confer\u00eancia, no dia 4 de dezembro. Foram discutidas as raz\u00f5es pelas quais os cidad\u00e3os devem estar sempre envolvidos no desenvolvimento de solu\u00e7\u00f5es digitais, desde a sua conce\u00e7\u00e3o, para que as tecnologias n\u00e3o venham a ficar desfasadas das reais necessidades dos utilizadores. Esta metodologia ser\u00e1 implementada durante a execu\u00e7\u00e3o do projeto ActiVas.<\/p>\n","protected":false},"excerpt":{"rendered":"<p>Carina Dantas, do Departamento de Inova\u00e7\u00e3o da C\u00e1ritas de Coimbra, foi keynote speaker na 9\u00aa Confer\u00eancia Internacional sobre Desenvolvimento de Software e Tecnologias para Aumentar a Acessibilidade e Combater a Infoexclus\u00e3o (9th International Conference on Software Development and Technologies for Enhancing Accessibility and Fighting Info-exclusion) que se realizou de 2 a 4 de dezembro, em&#8230;<\/p>\n","protected":false},"author":1,"featured_media":938,"comment_status":"open","ping_status":"open","sticky":false,"template":"","format":"standard","meta":{"kt_blocks_editor_width":"","_kad_post_transparent":"","_kad_post_title":"","_kad_post_layout":"","_kad_post_sidebar_id":"","_kad_post_content_style":"","_kad_post_vertical_padding":"","_kad_post_feature":"","_kad_post_feature_position":"","_kad_post_header":false,"_kad_post_footer":false,"footnotes":""},"categories":[7],"tags":[],"class_list":["post-937","post","type-post","status-publish","format-standard","has-post-thumbnail","hentry","category-eventos"],"featured_image_src_large":["http:\/\/activas.pt\/portal\/wp-content\/uploads\/2021\/07\/image.png",372,225,false],"author_info":{"display_name":"admin","author_link":"http:\/\/activas.pt\/portal\/?author=1"},"comment_info":0,"category_info":[{"term_id":7,"name":"Eventos","slug":"eventos","term_group":0,"term_taxonomy_id":7,"taxonomy":"category","description":"","parent":0,"count":15,"filter":"raw","cat_ID":7,"category_count":15,"category_description":"","cat_name":"Eventos","category_nicename":"eventos","category_parent":0}],"tag_info":false,"taxonomy_info":{"category":[{"value":7,"label":"Eventos"}]},"_links":{"self":[{"href":"http:\/\/activas.pt\/portal\/index.php?rest_route=\/wp\/v2\/posts\/937","targetHints":{"allow":["GET"]}}],"collection":[{"href":"http:\/\/activas.pt\/portal\/index.php?rest_route=\/wp\/v2\/posts"}],"about":[{"href":"http:\/\/activas.pt\/portal\/index.php?rest_route=\/wp\/v2\/types\/post"}],"author":[{"embeddable":true,"href":"http:\/\/activas.pt\/portal\/index.php?rest_route=\/wp\/v2\/users\/1"}],"replies":[{"embeddable":true,"href":"http:\/\/activas.pt\/portal\/index.php?rest_route=%2Fwp%2Fv2%2Fcomments&post=937"}],"version-history":[{"count":2,"href":"http:\/\/activas.pt\/portal\/index.php?rest_route=\/wp\/v2\/posts\/937\/revisions"}],"predecessor-version":[{"id":940,"href":"http:\/\/activas.pt\/portal\/index.php?rest_route=\/wp\/v2\/posts\/937\/revisions\/940"}],"wp:featuredmedia":[{"embeddable":true,"href":"http:\/\/activas.pt\/portal\/index.php?rest_route=\/wp\/v2\/media\/938"}],"wp:attachment":[{"href":"http:\/\/activas.pt\/portal\/index.php?rest_route=%2Fwp%2Fv2%2Fmedia&parent=937"}],"wp:term":[{"taxonomy":"category","embeddable":true,"href":"http:\/\/activas.pt\/portal\/index.php?rest_route=%2Fwp%2Fv2%2Fcategories&post=937"},{"taxonomy":"post_tag","embeddable":true,"href":"http:\/\/activas.pt\/portal\/index.php?rest_route=%2Fwp%2Fv2%2Ftags&post=937"}],"curies":[{"name":"wp","href":"https:\/\/api.w.org\/{rel}","templated":true}]}}