{"id":1216,"date":"2023-07-21T12:59:06","date_gmt":"2023-07-21T12:59:06","guid":{"rendered":"http:\/\/activas.pt\/portal\/?p=1216"},"modified":"2023-07-21T12:59:06","modified_gmt":"2023-07-21T12:59:06","slug":"sessao-de-encerramento-do-projeto-activas-2","status":"publish","type":"post","link":"http:\/\/activas.pt\/portal\/?p=1216","title":{"rendered":"Sess\u00e3o de Encerramento do Projeto AcTiVas"},"content":{"rendered":"\n<h2 class=\"wp-block-heading\"><strong>Realizou-se a Sess\u00e3o de Encerramento do Projeto AcTiVas<\/strong><\/h2>\n\n\n\n<p>O projeto mobilizador de ID&amp;T \u201c<strong>AcTiVas<\/strong>\u201d, suportado pelo Portugal2020, realizou a sua&nbsp;<strong>Sess\u00e3o de Encerramento<\/strong>&nbsp;no dia&nbsp;<strong>22 de junho<\/strong>, na&nbsp;<strong>Alf\u00e2ndega do Porto<\/strong>.<\/p>\n\n\n\n<p>Este evento p\u00fablico presencial, que contou com mais de 100 participantes, arrancou com a&nbsp;<strong>sess\u00e3o de abertura<\/strong>, que incluiu as interven\u00e7\u00f5es da&nbsp;<strong>Kentra Technologies<\/strong>&nbsp;(promotor l\u00edder do projeto) e da&nbsp;<strong>Comiss\u00e3o Europeia<\/strong>, representada por Mirela Negrean.<\/p>\n\n\n\n<p>De seguida foi feita uma&nbsp;<strong>apresenta\u00e7\u00e3o do projeto <\/strong><strong>AcTiVas<\/strong>, pela&nbsp;<strong>Kentra Technologies<\/strong>&nbsp;e pelo&nbsp;<strong>Cluster Habitat Sustent\u00e1vel,<\/strong>&nbsp;onde foram divulgados os&nbsp;<strong>trabalhos realizados e os resultados alcan\u00e7ados&nbsp;<\/strong>ao longo do projeto, no desenvolvimento de&nbsp;<strong>solu\u00e7\u00f5es competitivas<\/strong>&nbsp;para&nbsp;<strong>Ambientes Constru\u00eddos<\/strong>&nbsp;para uma&nbsp;<strong>Vida Ativa, Segura e Saud\u00e1vel<\/strong>.<\/p>\n\n\n\n<p>Ap\u00f3s esta apresenta\u00e7\u00e3o, o evento seguiu com uma&nbsp;<strong>Mesa Redonda<\/strong>&nbsp;intitulada \u201c<strong>A mudan\u00e7a de paradigma para um envelhecimento ativo e saud\u00e1vel<\/strong>\u201d, que contou com a modera\u00e7\u00e3o de Vasco Lagarto do&nbsp;<strong>Cluster TICE.PT<\/strong>&nbsp;e a participa\u00e7\u00e3o de M\u00f3nica Batista da&nbsp;<strong>C\u00e2mara Municipal de \u00cdlhavo<\/strong>, Bruno Vaz do&nbsp;<strong>Grupo AGEAS Portugal<\/strong>, Ant\u00f3nio Tavares da&nbsp;<strong>Santa Casa Miseric\u00f3rdia do Porto<\/strong>, Manuel Eanes da&nbsp;<strong>NOS Comunica\u00e7\u00f5es<\/strong>&nbsp;e Ant\u00f3nio Gouveia das&nbsp;<strong>Resid\u00eancias Montepio<\/strong>.<\/p>\n\n\n\n<p>O evento culminou no&nbsp;<strong>Espa\u00e7o de Exposi\u00e7\u00e3o \/ Demonstra\u00e7\u00e3o <\/strong><strong>AcTiVas<\/strong>, no qual os parceiros do projeto tiveram a oportunidade de apresentar e explicar o funcionamento dos diferentes prot\u00f3tipos desenvolvidos e onde se realizou um momento de&nbsp;<strong>networking<\/strong>&nbsp;entre todos os participantes nesta sess\u00e3o.<\/p>\n\n\n\n<figure class=\"wp-block-image size-large\"><img loading=\"lazy\" decoding=\"async\" width=\"1024\" height=\"768\" src=\"http:\/\/activas.pt\/portal\/wp-content\/uploads\/2023\/07\/4-1024x768.jpg\" alt=\"\" class=\"wp-image-1218\" srcset=\"http:\/\/activas.pt\/portal\/wp-content\/uploads\/2023\/07\/4-1024x768.jpg 1024w, http:\/\/activas.pt\/portal\/wp-content\/uploads\/2023\/07\/4-300x225.jpg 300w, http:\/\/activas.pt\/portal\/wp-content\/uploads\/2023\/07\/4-768x576.jpg 768w, http:\/\/activas.pt\/portal\/wp-content\/uploads\/2023\/07\/4-1536x1152.jpg 1536w, http:\/\/activas.pt\/portal\/wp-content\/uploads\/2023\/07\/4-2048x1536.jpg 2048w\" sizes=\"auto, (max-width: 1024px) 100vw, 1024px\" \/><\/figure>\n\n\n","protected":false},"excerpt":{"rendered":"<p>Realizou-se a Sess\u00e3o de Encerramento do Projeto AcTiVas O projeto mobilizador de ID&amp;T \u201cAcTiVas\u201d, suportado pelo Portugal2020, realizou a sua&nbsp;Sess\u00e3o de Encerramento&nbsp;no dia&nbsp;22 de junho, na&nbsp;Alf\u00e2ndega do Porto. Este evento p\u00fablico presencial, que contou com mais de 100 participantes, arrancou com a&nbsp;sess\u00e3o de abertura, que incluiu as interven\u00e7\u00f5es da&nbsp;Kentra Technologies&nbsp;(promotor l\u00edder do projeto) e da&nbsp;Comiss\u00e3o&#8230;<\/p>\n","protected":false},"author":1,"featured_media":1217,"comment_status":"open","ping_status":"open","sticky":false,"template":"","format":"standard","meta":{"kt_blocks_editor_width":"","_kad_post_transparent":"","_kad_post_title":"","_kad_post_layout":"","_kad_post_sidebar_id":"","_kad_post_content_style":"","_kad_post_vertical_padding":"","_kad_post_feature":"","_kad_post_feature_position":"","_kad_post_header":false,"_kad_post_footer":false,"footnotes":""},"categories":[1],"tags":[],"class_list":["post-1216","post","type-post","status-publish","format-standard","has-post-thumbnail","hentry","category-reunioes"],"featured_image_src_large":["http:\/\/activas.pt\/portal\/wp-content\/uploads\/2023\/07\/Picture6.jpg",722,481,false],"author_info":{"display_name":"admin","author_link":"http:\/\/activas.pt\/portal\/?author=1"},"comment_info":0,"category_info":[{"term_id":1,"name":"Reuni\u00f5es","slug":"reunioes","term_group":0,"term_taxonomy_id":1,"taxonomy":"category","description":"","parent":0,"count":13,"filter":"raw","cat_ID":1,"category_count":13,"category_description":"","cat_name":"Reuni\u00f5es","category_nicename":"reunioes","category_parent":0}],"tag_info":false,"taxonomy_info":{"category":[{"value":1,"label":"Reuni\u00f5es"}]},"_links":{"self":[{"href":"http:\/\/activas.pt\/portal\/index.php?rest_route=\/wp\/v2\/posts\/1216","targetHints":{"allow":["GET"]}}],"collection":[{"href":"http:\/\/activas.pt\/portal\/index.php?rest_route=\/wp\/v2\/posts"}],"about":[{"href":"http:\/\/activas.pt\/portal\/index.php?rest_route=\/wp\/v2\/types\/post"}],"author":[{"embeddable":true,"href":"http:\/\/activas.pt\/portal\/index.php?rest_route=\/wp\/v2\/users\/1"}],"replies":[{"embeddable":true,"href":"http:\/\/activas.pt\/portal\/index.php?rest_route=%2Fwp%2Fv2%2Fcomments&post=1216"}],"version-history":[{"count":1,"href":"http:\/\/activas.pt\/portal\/index.php?rest_route=\/wp\/v2\/posts\/1216\/revisions"}],"predecessor-version":[{"id":1220,"href":"http:\/\/activas.pt\/portal\/index.php?rest_route=\/wp\/v2\/posts\/1216\/revisions\/1220"}],"wp:featuredmedia":[{"embeddable":true,"href":"http:\/\/activas.pt\/portal\/index.php?rest_route=\/wp\/v2\/media\/1217"}],"wp:attachment":[{"href":"http:\/\/activas.pt\/portal\/index.php?rest_route=%2Fwp%2Fv2%2Fmedia&parent=1216"}],"wp:term":[{"taxonomy":"category","embeddable":true,"href":"http:\/\/activas.pt\/portal\/index.php?rest_route=%2Fwp%2Fv2%2Fcategories&post=1216"},{"taxonomy":"post_tag","embeddable":true,"href":"http:\/\/activas.pt\/portal\/index.php?rest_route=%2Fwp%2Fv2%2Ftags&post=1216"}],"curies":[{"name":"wp","href":"https:\/\/api.w.org\/{rel}","templated":true}]}}