{"id":1212,"date":"2023-07-21T12:54:43","date_gmt":"2023-07-21T12:54:43","guid":{"rendered":"http:\/\/activas.pt\/portal\/?p=1212"},"modified":"2023-07-21T12:54:43","modified_gmt":"2023-07-21T12:54:43","slug":"9a-reuniao-plenaria-do-projeto-activas","status":"publish","type":"post","link":"http:\/\/activas.pt\/portal\/?p=1212","title":{"rendered":"9\u00aa Reuni\u00e3o Plen\u00e1ria do Projeto AcTiVas"},"content":{"rendered":"\n<h2 class=\"wp-block-heading\"><strong>Parceiros do Projeto AcTiVas re\u00fanem-se para a sua \u00faltima Reuni\u00e3o Plen\u00e1ria<\/strong><\/h2>\n\n\n\n<p>No dia&nbsp;<strong>30 de maio de 2023<\/strong>, realizou-se, na Universidade de Aveiro, a&nbsp;<strong>9\u00aa Reuni\u00e3o Plen\u00e1ria do projeto Mobilizador <\/strong><strong>AcTiVas<\/strong>.<\/p>\n\n\n\n<p>Nesta reuni\u00e3o, foi feito um&nbsp;<strong>ponto de situa\u00e7\u00e3o dos trabalhos realizados e resultados alcan\u00e7ados<\/strong>&nbsp;em cada um dos subprojetos (PPS) do projeto e finalizaram-se os pormenores na <strong>prepara\u00e7\u00e3o do \u00faltimo evento de dissemina\u00e7\u00e3o p\u00fablica do projeto<\/strong>, que ficou agendado para 22 junho de 2023.<\/p>\n\n\n\n<figure class=\"wp-block-gallery has-nested-images columns-default is-cropped wp-block-gallery-1 is-layout-flex wp-block-gallery-is-layout-flex\">\n<figure class=\"wp-block-image size-large\"><img loading=\"lazy\" decoding=\"async\" width=\"695\" height=\"463\" data-id=\"1213\" src=\"http:\/\/activas.pt\/portal\/wp-content\/uploads\/2023\/07\/Picture5.jpg\" alt=\"\" class=\"wp-image-1213\" srcset=\"http:\/\/activas.pt\/portal\/wp-content\/uploads\/2023\/07\/Picture5.jpg 695w, http:\/\/activas.pt\/portal\/wp-content\/uploads\/2023\/07\/Picture5-300x200.jpg 300w\" sizes=\"auto, (max-width: 695px) 100vw, 695px\" \/><\/figure>\n<\/figure>\n","protected":false},"excerpt":{"rendered":"<p>Parceiros do Projeto AcTiVas re\u00fanem-se para a sua \u00faltima Reuni\u00e3o Plen\u00e1ria No dia&nbsp;30 de maio de 2023, realizou-se, na Universidade de Aveiro, a&nbsp;9\u00aa Reuni\u00e3o Plen\u00e1ria do projeto Mobilizador AcTiVas. Nesta reuni\u00e3o, foi feito um&nbsp;ponto de situa\u00e7\u00e3o dos trabalhos realizados e resultados alcan\u00e7ados&nbsp;em cada um dos subprojetos (PPS) do projeto e finalizaram-se os pormenores na prepara\u00e7\u00e3o&#8230;<\/p>\n","protected":false},"author":1,"featured_media":0,"comment_status":"open","ping_status":"open","sticky":false,"template":"","format":"standard","meta":{"kt_blocks_editor_width":"","_kad_post_transparent":"","_kad_post_title":"","_kad_post_layout":"","_kad_post_sidebar_id":"","_kad_post_content_style":"","_kad_post_vertical_padding":"","_kad_post_feature":"","_kad_post_feature_position":"","_kad_post_header":false,"_kad_post_footer":false,"footnotes":""},"categories":[1],"tags":[],"class_list":["post-1212","post","type-post","status-publish","format-standard","hentry","category-reunioes"],"featured_image_src_large":false,"author_info":{"display_name":"admin","author_link":"http:\/\/activas.pt\/portal\/?author=1"},"comment_info":0,"category_info":[{"term_id":1,"name":"Reuni\u00f5es","slug":"reunioes","term_group":0,"term_taxonomy_id":1,"taxonomy":"category","description":"","parent":0,"count":13,"filter":"raw","cat_ID":1,"category_count":13,"category_description":"","cat_name":"Reuni\u00f5es","category_nicename":"reunioes","category_parent":0}],"tag_info":false,"taxonomy_info":{"category":[{"value":1,"label":"Reuni\u00f5es"}]},"_links":{"self":[{"href":"http:\/\/activas.pt\/portal\/index.php?rest_route=\/wp\/v2\/posts\/1212","targetHints":{"allow":["GET"]}}],"collection":[{"href":"http:\/\/activas.pt\/portal\/index.php?rest_route=\/wp\/v2\/posts"}],"about":[{"href":"http:\/\/activas.pt\/portal\/index.php?rest_route=\/wp\/v2\/types\/post"}],"author":[{"embeddable":true,"href":"http:\/\/activas.pt\/portal\/index.php?rest_route=\/wp\/v2\/users\/1"}],"replies":[{"embeddable":true,"href":"http:\/\/activas.pt\/portal\/index.php?rest_route=%2Fwp%2Fv2%2Fcomments&post=1212"}],"version-history":[{"count":1,"href":"http:\/\/activas.pt\/portal\/index.php?rest_route=\/wp\/v2\/posts\/1212\/revisions"}],"predecessor-version":[{"id":1214,"href":"http:\/\/activas.pt\/portal\/index.php?rest_route=\/wp\/v2\/posts\/1212\/revisions\/1214"}],"wp:attachment":[{"href":"http:\/\/activas.pt\/portal\/index.php?rest_route=%2Fwp%2Fv2%2Fmedia&parent=1212"}],"wp:term":[{"taxonomy":"category","embeddable":true,"href":"http:\/\/activas.pt\/portal\/index.php?rest_route=%2Fwp%2Fv2%2Fcategories&post=1212"},{"taxonomy":"post_tag","embeddable":true,"href":"http:\/\/activas.pt\/portal\/index.php?rest_route=%2Fwp%2Fv2%2Ftags&post=1212"}],"curies":[{"name":"wp","href":"https:\/\/api.w.org\/{rel}","templated":true}]}}