{"id":1209,"date":"2023-07-21T12:53:17","date_gmt":"2023-07-21T12:53:17","guid":{"rendered":"http:\/\/activas.pt\/portal\/?p=1209"},"modified":"2023-07-21T12:55:09","modified_gmt":"2023-07-21T12:55:09","slug":"2o-workshop-do-projeto-activas","status":"publish","type":"post","link":"http:\/\/activas.pt\/portal\/?p=1209","title":{"rendered":"2\u00ba Workshop do Projeto AcTiVas"},"content":{"rendered":"\n<h2 class=\"wp-block-heading\"><strong>Realizou-se o 2\u00ba Workshop do Projeto AcTiVas<\/strong><\/h2>\n\n\n\n<p>O<strong>&nbsp;Cluster TICE.PT<\/strong>&nbsp;e o&nbsp;<strong>Cluster Habitat Sustent\u00e1vel&nbsp;<\/strong>organizaram no dia&nbsp;<strong>12 de abril<\/strong>, no \u00e2mbito do projeto mobilizador de I&amp;DT&nbsp;<strong>AcTiVas<\/strong>, um webinar denominado \u201c<strong>AcTiVas<\/strong><strong> &#8211; um projeto para o seu futuro<\/strong>\u201d.<\/p>\n\n\n\n<p>Focado na \u00e1rea do \u201cHealthy and Active Living\u201d, o projeto&nbsp;<strong>AcTiVas<\/strong><strong>&nbsp;<\/strong>(Ambientes constru\u00eddos para uma vida ativa, segura e saud\u00e1vel), que re\u00fane um cons\u00f3rcio de 20 entidades das cadeias de valor do Habitat, TICE e Sa\u00fade (12 empresas, 2 clusters, 1 IPSS e 5 entidades do sistema cient\u00edfico-tecnol\u00f3gico), procura dar resposta aos&nbsp;<strong>desafios do envelhecimento ativo da popula\u00e7\u00e3o&nbsp;<\/strong>ao n\u00edvel do ambiente assistido, das cidades e dos espa\u00e7os constru\u00eddos. Este webinar teve como principal objetivo promover a discuss\u00e3o em torno destes temas.<\/p>\n\n\n\n<p>Ap\u00f3s a abertura efetuada pelo presidente do<strong>&nbsp;Cluster Habitat Sustent\u00e1vel<\/strong>, Victor Ferreira, a sess\u00e3o arrancou com uma&nbsp;<strong>apresenta\u00e7\u00e3o global do <\/strong><strong>AcTiVas<\/strong>, por Pedro Meira, CEO da&nbsp;<strong>Kentra Technologies<\/strong>&nbsp;(promotor l\u00edder do projeto), tendo sido depois apresentado \u201c<strong>O Legado do Programa AAL e a Implementa\u00e7\u00e3o de Ecossistemas de Cuidados de Sa\u00fade<\/strong>\u201d por Sandra Fernandes da&nbsp;<strong>FCT&nbsp;<\/strong>(Funda\u00e7\u00e3o para a Ci\u00eancia e Tecnologia) e ainda algumas \u201c<strong>Oportunidades de Financiamento no Momento Atual<\/strong>\u201d por Afonso Duarte da&nbsp;<strong>AICIB<\/strong>&nbsp;(Ag\u00eancia de Investiga\u00e7\u00e3o Cl\u00ednica e Inova\u00e7\u00e3o Biom\u00e9dica).<\/p>\n\n\n\n<p>O webinar contou ainda com uma<strong>&nbsp;mesa redonda<\/strong>, moderada por Pedro Roseiro (<strong>Cluster TICE.PT<\/strong>), onde foram abordadas as tem\u00e1ticas apresentadas ao longo da sess\u00e3o e na qual participou Carina Dantas (<strong>SHINE 2Europe, Lda.<\/strong>), Ant\u00f3nio Cunha (<strong>IPN<\/strong>&nbsp;&#8211; Instituto Pedro Nunes) e Afonso Duarte (<strong>AICIB<\/strong>).<\/p>\n\n\n\n<figure class=\"wp-block-image size-full\"><img loading=\"lazy\" decoding=\"async\" width=\"825\" height=\"516\" src=\"http:\/\/activas.pt\/portal\/wp-content\/uploads\/2023\/07\/Picture4.png\" alt=\"\" class=\"wp-image-1210\" srcset=\"http:\/\/activas.pt\/portal\/wp-content\/uploads\/2023\/07\/Picture4.png 825w, http:\/\/activas.pt\/portal\/wp-content\/uploads\/2023\/07\/Picture4-300x188.png 300w, http:\/\/activas.pt\/portal\/wp-content\/uploads\/2023\/07\/Picture4-768x480.png 768w\" sizes=\"auto, (max-width: 825px) 100vw, 825px\" \/><\/figure>\n","protected":false},"excerpt":{"rendered":"<p>Realizou-se o 2\u00ba Workshop do Projeto AcTiVas O&nbsp;Cluster TICE.PT&nbsp;e o&nbsp;Cluster Habitat Sustent\u00e1vel&nbsp;organizaram no dia&nbsp;12 de abril, no \u00e2mbito do projeto mobilizador de I&amp;DT&nbsp;AcTiVas, um webinar denominado \u201cAcTiVas &#8211; um projeto para o seu futuro\u201d. Focado na \u00e1rea do \u201cHealthy and Active Living\u201d, o projeto&nbsp;AcTiVas&nbsp;(Ambientes constru\u00eddos para uma vida ativa, segura e saud\u00e1vel), que re\u00fane um&#8230;<\/p>\n","protected":false},"author":1,"featured_media":0,"comment_status":"open","ping_status":"open","sticky":false,"template":"","format":"standard","meta":{"kt_blocks_editor_width":"","_kad_post_transparent":"","_kad_post_title":"","_kad_post_layout":"","_kad_post_sidebar_id":"","_kad_post_content_style":"","_kad_post_vertical_padding":"","_kad_post_feature":"","_kad_post_feature_position":"","_kad_post_header":false,"_kad_post_footer":false,"footnotes":""},"categories":[7],"tags":[],"class_list":["post-1209","post","type-post","status-publish","format-standard","hentry","category-eventos"],"featured_image_src_large":false,"author_info":{"display_name":"admin","author_link":"http:\/\/activas.pt\/portal\/?author=1"},"comment_info":0,"category_info":[{"term_id":7,"name":"Eventos","slug":"eventos","term_group":0,"term_taxonomy_id":7,"taxonomy":"category","description":"","parent":0,"count":15,"filter":"raw","cat_ID":7,"category_count":15,"category_description":"","cat_name":"Eventos","category_nicename":"eventos","category_parent":0}],"tag_info":false,"taxonomy_info":{"category":[{"value":7,"label":"Eventos"}]},"_links":{"self":[{"href":"http:\/\/activas.pt\/portal\/index.php?rest_route=\/wp\/v2\/posts\/1209","targetHints":{"allow":["GET"]}}],"collection":[{"href":"http:\/\/activas.pt\/portal\/index.php?rest_route=\/wp\/v2\/posts"}],"about":[{"href":"http:\/\/activas.pt\/portal\/index.php?rest_route=\/wp\/v2\/types\/post"}],"author":[{"embeddable":true,"href":"http:\/\/activas.pt\/portal\/index.php?rest_route=\/wp\/v2\/users\/1"}],"replies":[{"embeddable":true,"href":"http:\/\/activas.pt\/portal\/index.php?rest_route=%2Fwp%2Fv2%2Fcomments&post=1209"}],"version-history":[{"count":1,"href":"http:\/\/activas.pt\/portal\/index.php?rest_route=\/wp\/v2\/posts\/1209\/revisions"}],"predecessor-version":[{"id":1211,"href":"http:\/\/activas.pt\/portal\/index.php?rest_route=\/wp\/v2\/posts\/1209\/revisions\/1211"}],"wp:attachment":[{"href":"http:\/\/activas.pt\/portal\/index.php?rest_route=%2Fwp%2Fv2%2Fmedia&parent=1209"}],"wp:term":[{"taxonomy":"category","embeddable":true,"href":"http:\/\/activas.pt\/portal\/index.php?rest_route=%2Fwp%2Fv2%2Fcategories&post=1209"},{"taxonomy":"post_tag","embeddable":true,"href":"http:\/\/activas.pt\/portal\/index.php?rest_route=%2Fwp%2Fv2%2Ftags&post=1209"}],"curies":[{"name":"wp","href":"https:\/\/api.w.org\/{rel}","templated":true}]}}