{"id":1206,"date":"2023-07-21T12:51:49","date_gmt":"2023-07-21T12:51:49","guid":{"rendered":"http:\/\/activas.pt\/portal\/?p=1206"},"modified":"2023-07-21T12:51:49","modified_gmt":"2023-07-21T12:51:49","slug":"8a-reuniao-plenaria-do-projeto-activas","status":"publish","type":"post","link":"http:\/\/activas.pt\/portal\/?p=1206","title":{"rendered":"8\u00aa Reuni\u00e3o Plen\u00e1ria do Projeto AcTiVas"},"content":{"rendered":"\n<p>No dia <strong>30 de mar\u00e7o de 2023<\/strong>, realizou-se na&nbsp;<strong>Universidade de Aveiro<\/strong>, a <strong>8\u00aa Reuni\u00e3o Plen\u00e1ria do projeto Mobilizador AcTiVas<\/strong>.<\/p>\n\n\n\n<p>Nesta reuni\u00e3o, os l\u00edderes empresariais e cient\u00edficos de cada um dos 6 PPS do projeto realizaram breves apresenta\u00e7\u00f5es sobre o ponto de situa\u00e7\u00e3o dos trabalhos desenvolvidos em cada um deles at\u00e9 \u00e0 data, seguindo-se uma discuss\u00e3o sobre os pr\u00f3ximos passos a seguir.<\/p>\n\n\n\n<figure class=\"wp-block-image size-full\"><img loading=\"lazy\" decoding=\"async\" width=\"779\" height=\"519\" src=\"http:\/\/activas.pt\/portal\/wp-content\/uploads\/2023\/07\/Picture3.jpg\" alt=\"\" class=\"wp-image-1207\" srcset=\"http:\/\/activas.pt\/portal\/wp-content\/uploads\/2023\/07\/Picture3.jpg 779w, http:\/\/activas.pt\/portal\/wp-content\/uploads\/2023\/07\/Picture3-300x200.jpg 300w, http:\/\/activas.pt\/portal\/wp-content\/uploads\/2023\/07\/Picture3-768x512.jpg 768w\" sizes=\"auto, (max-width: 779px) 100vw, 779px\" \/><\/figure>\n","protected":false},"excerpt":{"rendered":"<p>No dia 30 de mar\u00e7o de 2023, realizou-se na&nbsp;Universidade de Aveiro, a 8\u00aa Reuni\u00e3o Plen\u00e1ria do projeto Mobilizador AcTiVas. Nesta reuni\u00e3o, os l\u00edderes empresariais e cient\u00edficos de cada um dos 6 PPS do projeto realizaram breves apresenta\u00e7\u00f5es sobre o ponto de situa\u00e7\u00e3o dos trabalhos desenvolvidos em cada um deles at\u00e9 \u00e0 data, seguindo-se uma discuss\u00e3o&#8230;<\/p>\n","protected":false},"author":1,"featured_media":0,"comment_status":"open","ping_status":"open","sticky":false,"template":"","format":"standard","meta":{"kt_blocks_editor_width":"","_kad_post_transparent":"","_kad_post_title":"","_kad_post_layout":"","_kad_post_sidebar_id":"","_kad_post_content_style":"","_kad_post_vertical_padding":"","_kad_post_feature":"","_kad_post_feature_position":"","_kad_post_header":false,"_kad_post_footer":false,"footnotes":""},"categories":[1],"tags":[],"class_list":["post-1206","post","type-post","status-publish","format-standard","hentry","category-reunioes"],"featured_image_src_large":false,"author_info":{"display_name":"admin","author_link":"http:\/\/activas.pt\/portal\/?author=1"},"comment_info":0,"category_info":[{"term_id":1,"name":"Reuni\u00f5es","slug":"reunioes","term_group":0,"term_taxonomy_id":1,"taxonomy":"category","description":"","parent":0,"count":13,"filter":"raw","cat_ID":1,"category_count":13,"category_description":"","cat_name":"Reuni\u00f5es","category_nicename":"reunioes","category_parent":0}],"tag_info":false,"taxonomy_info":{"category":[{"value":1,"label":"Reuni\u00f5es"}]},"_links":{"self":[{"href":"http:\/\/activas.pt\/portal\/index.php?rest_route=\/wp\/v2\/posts\/1206","targetHints":{"allow":["GET"]}}],"collection":[{"href":"http:\/\/activas.pt\/portal\/index.php?rest_route=\/wp\/v2\/posts"}],"about":[{"href":"http:\/\/activas.pt\/portal\/index.php?rest_route=\/wp\/v2\/types\/post"}],"author":[{"embeddable":true,"href":"http:\/\/activas.pt\/portal\/index.php?rest_route=\/wp\/v2\/users\/1"}],"replies":[{"embeddable":true,"href":"http:\/\/activas.pt\/portal\/index.php?rest_route=%2Fwp%2Fv2%2Fcomments&post=1206"}],"version-history":[{"count":1,"href":"http:\/\/activas.pt\/portal\/index.php?rest_route=\/wp\/v2\/posts\/1206\/revisions"}],"predecessor-version":[{"id":1208,"href":"http:\/\/activas.pt\/portal\/index.php?rest_route=\/wp\/v2\/posts\/1206\/revisions\/1208"}],"wp:attachment":[{"href":"http:\/\/activas.pt\/portal\/index.php?rest_route=%2Fwp%2Fv2%2Fmedia&parent=1206"}],"wp:term":[{"taxonomy":"category","embeddable":true,"href":"http:\/\/activas.pt\/portal\/index.php?rest_route=%2Fwp%2Fv2%2Fcategories&post=1206"},{"taxonomy":"post_tag","embeddable":true,"href":"http:\/\/activas.pt\/portal\/index.php?rest_route=%2Fwp%2Fv2%2Ftags&post=1206"}],"curies":[{"name":"wp","href":"https:\/\/api.w.org\/{rel}","templated":true}]}}