{"id":1198,"date":"2023-07-21T12:42:38","date_gmt":"2023-07-21T12:42:38","guid":{"rendered":"http:\/\/activas.pt\/portal\/?p=1198"},"modified":"2023-07-21T12:47:21","modified_gmt":"2023-07-21T12:47:21","slug":"1198","status":"publish","type":"post","link":"http:\/\/activas.pt\/portal\/?p=1198","title":{"rendered":"Workshop AcTiVas | A\u00e7\u00e3o do Grupo de Acompanhamento do Projeto"},"content":{"rendered":"\n<p><strong>Workshop AcTiVas | A\u00e7\u00e3o do Grupo de Acompanhamento do Projeto<\/strong><\/p>\n\n\n\n<p>No dia <strong>21 de mar\u00e7o de 2023<\/strong> realizou-se um<strong> workshop<\/strong> no \u00e2mbito do projeto <strong>AcTiVas<\/strong>, cujo o objetivo foi <strong>auscultar peritos<\/strong> externos ao projeto, no sentido de aferir junto deles quais as <strong>mais valias e potenciais inconvenientes das solu\u00e7\u00f5es<\/strong> desenvolvidas.<\/p>\n\n\n\n<p>Esta sess\u00e3o, moderada pela Universidade de Aveiro, come\u00e7ou com uma apresenta\u00e7\u00e3o do projeto <strong>AcTiVas<\/strong> e das respetivas solu\u00e7\u00f5es desenvolvidas no seu \u00e2mbito, seguiu com um momento no qual os peritos externos tiveram a oportunidade de facultar a sua opini\u00e3o sobre o projeto e colocar quest\u00f5es, e ainda com um momento de identifica\u00e7\u00e3o das principais vantagens e inconvenientes relativamente \u00e0s diferentes solu\u00e7\u00f5es apresentadas.<\/p>\n\n\n\n<p>A sess\u00e3o acabou com uma vota\u00e7\u00e3o, na qual foram selecionadas as vantagens e os inconvenientes mais relevantes, do ponto de vista dos peritos convidados.<\/p>\n\n\n\n<figure class=\"wp-block-image size-full\"><img loading=\"lazy\" decoding=\"async\" width=\"505\" height=\"379\" src=\"http:\/\/activas.pt\/portal\/wp-content\/uploads\/2023\/07\/Picture2.jpg\" alt=\"\" class=\"wp-image-1199\" srcset=\"http:\/\/activas.pt\/portal\/wp-content\/uploads\/2023\/07\/Picture2.jpg 505w, http:\/\/activas.pt\/portal\/wp-content\/uploads\/2023\/07\/Picture2-300x225.jpg 300w\" sizes=\"auto, (max-width: 505px) 100vw, 505px\" \/><\/figure>\n","protected":false},"excerpt":{"rendered":"<p>Workshop AcTiVas | A\u00e7\u00e3o do Grupo de Acompanhamento do Projeto No dia 21 de mar\u00e7o de 2023 realizou-se um workshop no \u00e2mbito do projeto AcTiVas, cujo o objetivo foi auscultar peritos externos ao projeto, no sentido de aferir junto deles quais as mais valias e potenciais inconvenientes das solu\u00e7\u00f5es desenvolvidas. Esta sess\u00e3o, moderada pela Universidade&#8230;<\/p>\n","protected":false},"author":1,"featured_media":0,"comment_status":"open","ping_status":"open","sticky":false,"template":"","format":"standard","meta":{"kt_blocks_editor_width":"","_kad_post_transparent":"","_kad_post_title":"","_kad_post_layout":"","_kad_post_sidebar_id":"","_kad_post_content_style":"","_kad_post_vertical_padding":"","_kad_post_feature":"","_kad_post_feature_position":"","_kad_post_header":false,"_kad_post_footer":false,"footnotes":""},"categories":[7],"tags":[],"class_list":["post-1198","post","type-post","status-publish","format-standard","hentry","category-eventos"],"featured_image_src_large":false,"author_info":{"display_name":"admin","author_link":"http:\/\/activas.pt\/portal\/?author=1"},"comment_info":0,"category_info":[{"term_id":7,"name":"Eventos","slug":"eventos","term_group":0,"term_taxonomy_id":7,"taxonomy":"category","description":"","parent":0,"count":15,"filter":"raw","cat_ID":7,"category_count":15,"category_description":"","cat_name":"Eventos","category_nicename":"eventos","category_parent":0}],"tag_info":false,"taxonomy_info":{"category":[{"value":7,"label":"Eventos"}]},"_links":{"self":[{"href":"http:\/\/activas.pt\/portal\/index.php?rest_route=\/wp\/v2\/posts\/1198","targetHints":{"allow":["GET"]}}],"collection":[{"href":"http:\/\/activas.pt\/portal\/index.php?rest_route=\/wp\/v2\/posts"}],"about":[{"href":"http:\/\/activas.pt\/portal\/index.php?rest_route=\/wp\/v2\/types\/post"}],"author":[{"embeddable":true,"href":"http:\/\/activas.pt\/portal\/index.php?rest_route=\/wp\/v2\/users\/1"}],"replies":[{"embeddable":true,"href":"http:\/\/activas.pt\/portal\/index.php?rest_route=%2Fwp%2Fv2%2Fcomments&post=1198"}],"version-history":[{"count":5,"href":"http:\/\/activas.pt\/portal\/index.php?rest_route=\/wp\/v2\/posts\/1198\/revisions"}],"predecessor-version":[{"id":1204,"href":"http:\/\/activas.pt\/portal\/index.php?rest_route=\/wp\/v2\/posts\/1198\/revisions\/1204"}],"wp:attachment":[{"href":"http:\/\/activas.pt\/portal\/index.php?rest_route=%2Fwp%2Fv2%2Fmedia&parent=1198"}],"wp:term":[{"taxonomy":"category","embeddable":true,"href":"http:\/\/activas.pt\/portal\/index.php?rest_route=%2Fwp%2Fv2%2Fcategories&post=1198"},{"taxonomy":"post_tag","embeddable":true,"href":"http:\/\/activas.pt\/portal\/index.php?rest_route=%2Fwp%2Fv2%2Ftags&post=1198"}],"curies":[{"name":"wp","href":"https:\/\/api.w.org\/{rel}","templated":true}]}}