{"id":1195,"date":"2023-07-21T12:40:05","date_gmt":"2023-07-21T12:40:05","guid":{"rendered":"http:\/\/activas.pt\/portal\/?p=1195"},"modified":"2023-07-21T12:50:06","modified_gmt":"2023-07-21T12:50:06","slug":"1195","status":"publish","type":"post","link":"http:\/\/activas.pt\/portal\/?p=1195","title":{"rendered":"7\u00aa Reuni\u00e3o Plen\u00e1ria do Projeto AcTiVas"},"content":{"rendered":"\n<p><\/p>\n\n\n\n<h2 class=\"wp-block-heading\"><\/h2>\n\n\n\n<p><strong>Parceiros do Projeto AcTiVas encontram-se em Aveiro para a sua 7\u00aa Reuni\u00e3o Plen\u00e1ria<\/strong><\/p>\n\n\n\n<p>Realizou-se na Universidade de Aveiro, no dia <strong>1 de fevereiro de 2023<\/strong>, a <strong>7\u00aa Reuni\u00e3o Plen\u00e1ria do projeto Mobilizador AcTiVas<\/strong>.<\/p>\n\n\n\n<p>Nesta reuni\u00e3o foi feito um ponto de situa\u00e7\u00e3o dos trabalhos realizados e resultados alcan\u00e7ados de cada um dos 6 PPS do projeto, foram definidos quais os pr\u00f3ximos passos e deu-se continuidade \u00e0 sess\u00e3o de co-cria\u00e7\u00e3o para a defini\u00e7\u00e3o do ACTIVAS Business Model.<\/p>\n","protected":false},"excerpt":{"rendered":"<p>Parceiros do Projeto AcTiVas encontram-se em Aveiro para a sua 7\u00aa Reuni\u00e3o Plen\u00e1ria Realizou-se na Universidade de Aveiro, no dia 1 de fevereiro de 2023, a 7\u00aa Reuni\u00e3o Plen\u00e1ria do projeto Mobilizador AcTiVas. Nesta reuni\u00e3o foi feito um ponto de situa\u00e7\u00e3o dos trabalhos realizados e resultados alcan\u00e7ados de cada um dos 6 PPS do projeto,&#8230;<\/p>\n","protected":false},"author":1,"featured_media":1196,"comment_status":"open","ping_status":"open","sticky":false,"template":"","format":"standard","meta":{"kt_blocks_editor_width":"","_kad_post_transparent":"","_kad_post_title":"","_kad_post_layout":"","_kad_post_sidebar_id":"","_kad_post_content_style":"","_kad_post_vertical_padding":"","_kad_post_feature":"","_kad_post_feature_position":"","_kad_post_header":false,"_kad_post_footer":false,"footnotes":""},"categories":[1],"tags":[],"class_list":["post-1195","post","type-post","status-publish","format-standard","has-post-thumbnail","hentry","category-reunioes"],"featured_image_src_large":["http:\/\/activas.pt\/portal\/wp-content\/uploads\/2023\/07\/Picture1.jpg",851,568,false],"author_info":{"display_name":"admin","author_link":"http:\/\/activas.pt\/portal\/?author=1"},"comment_info":0,"category_info":[{"term_id":1,"name":"Reuni\u00f5es","slug":"reunioes","term_group":0,"term_taxonomy_id":1,"taxonomy":"category","description":"","parent":0,"count":13,"filter":"raw","cat_ID":1,"category_count":13,"category_description":"","cat_name":"Reuni\u00f5es","category_nicename":"reunioes","category_parent":0}],"tag_info":false,"taxonomy_info":{"category":[{"value":1,"label":"Reuni\u00f5es"}]},"_links":{"self":[{"href":"http:\/\/activas.pt\/portal\/index.php?rest_route=\/wp\/v2\/posts\/1195","targetHints":{"allow":["GET"]}}],"collection":[{"href":"http:\/\/activas.pt\/portal\/index.php?rest_route=\/wp\/v2\/posts"}],"about":[{"href":"http:\/\/activas.pt\/portal\/index.php?rest_route=\/wp\/v2\/types\/post"}],"author":[{"embeddable":true,"href":"http:\/\/activas.pt\/portal\/index.php?rest_route=\/wp\/v2\/users\/1"}],"replies":[{"embeddable":true,"href":"http:\/\/activas.pt\/portal\/index.php?rest_route=%2Fwp%2Fv2%2Fcomments&post=1195"}],"version-history":[{"count":2,"href":"http:\/\/activas.pt\/portal\/index.php?rest_route=\/wp\/v2\/posts\/1195\/revisions"}],"predecessor-version":[{"id":1205,"href":"http:\/\/activas.pt\/portal\/index.php?rest_route=\/wp\/v2\/posts\/1195\/revisions\/1205"}],"wp:featuredmedia":[{"embeddable":true,"href":"http:\/\/activas.pt\/portal\/index.php?rest_route=\/wp\/v2\/media\/1196"}],"wp:attachment":[{"href":"http:\/\/activas.pt\/portal\/index.php?rest_route=%2Fwp%2Fv2%2Fmedia&parent=1195"}],"wp:term":[{"taxonomy":"category","embeddable":true,"href":"http:\/\/activas.pt\/portal\/index.php?rest_route=%2Fwp%2Fv2%2Fcategories&post=1195"},{"taxonomy":"post_tag","embeddable":true,"href":"http:\/\/activas.pt\/portal\/index.php?rest_route=%2Fwp%2Fv2%2Ftags&post=1195"}],"curies":[{"name":"wp","href":"https:\/\/api.w.org\/{rel}","templated":true}]}}