{"id":1160,"date":"2023-05-31T08:39:19","date_gmt":"2023-05-31T08:39:19","guid":{"rendered":"http:\/\/activas.pt\/portal\/?p=1160"},"modified":"2023-07-21T12:35:09","modified_gmt":"2023-07-21T12:35:09","slug":"sessao-de-encerramento-do-projeto-activas","status":"publish","type":"post","link":"http:\/\/activas.pt\/portal\/?p=1160","title":{"rendered":"Sess\u00e3o de Encerramento do Projeto AcTiVas"},"content":{"rendered":"\n<figure class=\"wp-block-image size-full\"><img loading=\"lazy\" decoding=\"async\" width=\"755\" height=\"522\" src=\"http:\/\/activas.pt\/portal\/wp-content\/uploads\/2023\/05\/image-1.png\" alt=\"\" class=\"wp-image-1167\" srcset=\"http:\/\/activas.pt\/portal\/wp-content\/uploads\/2023\/05\/image-1.png 755w, http:\/\/activas.pt\/portal\/wp-content\/uploads\/2023\/05\/image-1-300x207.png 300w\" sizes=\"auto, (max-width: 755px) 100vw, 755px\" \/><\/figure>\n\n\n\n<p>Vimos por este meio convidar V\/Excel\u00eancias a marcarem presen\u00e7a na Sess\u00e3o de Encerramento do Projeto AcTiVas, que se realiza na Alf\u00e2ndega do Porto (Sala do Infante) no dia 22 de junho pelas 14h00.<\/p>\n\n\n\n<p>O projeto mobilizador de ID&amp;T AcTiVas, suportado pelo PT2020, decorreu entre 2020 e 2023, reunindo um cons\u00f3rcio de 20 entidades empresariais e n\u00e3o empresariais das cadeias de valor do Habitat, TICE e Sa\u00fade, com o objetivo de desenvolver solu\u00e7\u00f5es competitivas para Ambientes Constru\u00eddos para uma Vida Ativa, Segura e Saud\u00e1vel.<\/p>\n\n\n\n<p>Focado na \u00e1rea do \u201cHealthy and Active Living\u201d, este projeto procurou dar respostas aos desafios do envelhecimento ativo da popula\u00e7\u00e3o ao n\u00edvel do ambiente assistido, das cidades e espa\u00e7os constru\u00eddos. Nesta Sess\u00e3o de Encerramento pretende-se apresentar e debater os conceitos e as solu\u00e7\u00f5es desenvolvidas, bem como partilhar o Espa\u00e7o de Exposi\u00e7\u00e3o\/ Demonstra\u00e7\u00e3o AcTiVas durante o momento de networking final, que este evento proporcionar\u00e1.<\/p>\n\n\n\n<p>Solicitamos que confirme a sua presen\u00e7a inscrevendo-se <strong><a href=\"https:\/\/forms.gle\/ANsisQyihha6dn8GA\">AQUI<\/a><\/strong> at\u00e9 16 de junho.<\/p>\n\n\n\n<p>A inscri\u00e7\u00e3o \u00e9 gratuita, mas obrigat\u00f3ria dada a lota\u00e7\u00e3o da sala.<\/p>\n\n\n\n<p>Esperamos poder contar com a vossa presen\u00e7a.<\/p>\n\n\n\n<figure class=\"wp-block-image size-full\"><img loading=\"lazy\" decoding=\"async\" width=\"584\" height=\"890\" src=\"http:\/\/activas.pt\/portal\/wp-content\/uploads\/2023\/06\/image-1.png\" alt=\"\" class=\"wp-image-1191\" srcset=\"http:\/\/activas.pt\/portal\/wp-content\/uploads\/2023\/06\/image-1.png 584w, http:\/\/activas.pt\/portal\/wp-content\/uploads\/2023\/06\/image-1-197x300.png 197w\" sizes=\"auto, (max-width: 584px) 100vw, 584px\" \/><\/figure>\n","protected":false},"excerpt":{"rendered":"<p>Vimos por este meio convidar V\/Excel\u00eancias a marcarem presen\u00e7a na Sess\u00e3o de Encerramento do Projeto AcTiVas, que se realiza na Alf\u00e2ndega do Porto (Sala do Infante) no dia 22 de junho pelas 14h00. O projeto mobilizador de ID&amp;T AcTiVas, suportado pelo PT2020, decorreu entre 2020 e 2023, reunindo um cons\u00f3rcio de 20 entidades empresariais e&#8230;<\/p>\n","protected":false},"author":1,"featured_media":0,"comment_status":"open","ping_status":"open","sticky":false,"template":"","format":"standard","meta":{"kt_blocks_editor_width":"","_kad_post_transparent":"","_kad_post_title":"","_kad_post_layout":"","_kad_post_sidebar_id":"","_kad_post_content_style":"","_kad_post_vertical_padding":"","_kad_post_feature":"","_kad_post_feature_position":"","_kad_post_header":false,"_kad_post_footer":false,"footnotes":""},"categories":[7],"tags":[],"class_list":["post-1160","post","type-post","status-publish","format-standard","hentry","category-eventos"],"featured_image_src_large":false,"author_info":{"display_name":"admin","author_link":"http:\/\/activas.pt\/portal\/?author=1"},"comment_info":0,"category_info":[{"term_id":7,"name":"Eventos","slug":"eventos","term_group":0,"term_taxonomy_id":7,"taxonomy":"category","description":"","parent":0,"count":15,"filter":"raw","cat_ID":7,"category_count":15,"category_description":"","cat_name":"Eventos","category_nicename":"eventos","category_parent":0}],"tag_info":false,"taxonomy_info":{"category":[{"value":7,"label":"Eventos"}]},"_links":{"self":[{"href":"http:\/\/activas.pt\/portal\/index.php?rest_route=\/wp\/v2\/posts\/1160","targetHints":{"allow":["GET"]}}],"collection":[{"href":"http:\/\/activas.pt\/portal\/index.php?rest_route=\/wp\/v2\/posts"}],"about":[{"href":"http:\/\/activas.pt\/portal\/index.php?rest_route=\/wp\/v2\/types\/post"}],"author":[{"embeddable":true,"href":"http:\/\/activas.pt\/portal\/index.php?rest_route=\/wp\/v2\/users\/1"}],"replies":[{"embeddable":true,"href":"http:\/\/activas.pt\/portal\/index.php?rest_route=%2Fwp%2Fv2%2Fcomments&post=1160"}],"version-history":[{"count":12,"href":"http:\/\/activas.pt\/portal\/index.php?rest_route=\/wp\/v2\/posts\/1160\/revisions"}],"predecessor-version":[{"id":1192,"href":"http:\/\/activas.pt\/portal\/index.php?rest_route=\/wp\/v2\/posts\/1160\/revisions\/1192"}],"wp:attachment":[{"href":"http:\/\/activas.pt\/portal\/index.php?rest_route=%2Fwp%2Fv2%2Fmedia&parent=1160"}],"wp:term":[{"taxonomy":"category","embeddable":true,"href":"http:\/\/activas.pt\/portal\/index.php?rest_route=%2Fwp%2Fv2%2Fcategories&post=1160"},{"taxonomy":"post_tag","embeddable":true,"href":"http:\/\/activas.pt\/portal\/index.php?rest_route=%2Fwp%2Fv2%2Ftags&post=1160"}],"curies":[{"name":"wp","href":"https:\/\/api.w.org\/{rel}","templated":true}]}}