{"id":1144,"date":"2023-03-31T11:31:56","date_gmt":"2023-03-31T11:31:56","guid":{"rendered":"http:\/\/activas.pt\/portal\/?p=1144"},"modified":"2023-04-11T09:03:05","modified_gmt":"2023-04-11T09:03:05","slug":"webinar-activas-um-projeto-para-o-seu-futuro","status":"publish","type":"post","link":"http:\/\/activas.pt\/portal\/?p=1144","title":{"rendered":"Webinar: AcTiVas um projeto para o seu futuro"},"content":{"rendered":"\n<p>O&nbsp;<strong>Cluster TICE.PT<\/strong>&nbsp;e&nbsp;o&nbsp;<strong>Cluster Habitat Sustent\u00e1vel&nbsp;<\/strong>anunciam a organiza\u00e7\u00e3o de um Webinar do projeto AcTiVas, com o t\u00edtulo \u201c&nbsp;<strong>AcTiVas: um projeto para o seu futuro<\/strong>&nbsp;\u201c, a decorrer no dia 12 de abril de 2023 pelas 16h30.<\/p>\n\n\n\n<p>O objetivo deste webinar \u00e9 dar a conhecer o <strong>projeto mobilizador de I&amp;DT AcTiVas<\/strong> (<em>Ambientes constru\u00eddos para uma vida ativa, segura e saud\u00e1vel<\/em>), que re\u00fane um cons\u00f3rcio de 20 entidades das cadeias de valor do Habitat, TICE e Sa\u00fade (12 empresas, 2 clusters, 1 IPSS e 5 entidades do sistema cient\u00edfico-tecnol\u00f3gico).<\/p>\n\n\n\n<p>Focado na \u00e1rea do \u201c<strong>Healthy and Active Living<\/strong>\u201d, este projeto procura dar respostas aos desafios do envelhecimento ativo da popula\u00e7\u00e3o ao n\u00edvel do ambiente assistido, das cidades e dos espa\u00e7os constru\u00eddos, procurando este webinar promover a discuss\u00e3o em torno destes temas.<\/p>\n\n\n\n<p class=\"has-text-align-left\">O evento \u00e9 aberto \u00e0 participa\u00e7\u00e3o de toda a comunidade empresarial e cient\u00edfica. Se tem interesse em participar neste evento, realize a sua inscri\u00e7\u00e3o no link que se segue.<\/p>\n\n\n\n<p>Pode consultar o programa na figura abaixo representada.<\/p>\n\n\n\n<p>Detalhes do evento:<\/p>\n\n\n\n<p><strong>Data do evento: 12 Abril 2023<\/strong> <strong>\u00e0s 16h30 horas.<\/strong><\/p>\n\n\n\n<p><strong>Inscreva-se&nbsp;<a href=\"https:\/\/docs.google.com\/forms\/d\/e\/1FAIpQLSfvFvCx-z14WG4c53sDTxXFX2ENDTWezWroThXbSEnDBrqBSg\/viewform\" data-type=\"URL\" data-id=\"https:\/\/docs.google.com\/forms\/d\/e\/1FAIpQLSfvFvCx-z14WG4c53sDTxXFX2ENDTWezWroThXbSEnDBrqBSg\/viewform\" target=\"_blank\" rel=\"noreferrer noopener\">aqui<\/a><\/strong>!<\/p>\n\n\n\n<figure class=\"wp-block-image size-large\"><img loading=\"lazy\" decoding=\"async\" width=\"724\" height=\"1024\" src=\"http:\/\/activas.pt\/portal\/wp-content\/uploads\/2023\/04\/Programa_Webinar-ACTIVAS_12.04.2023-724x1024.png\" alt=\"\" class=\"wp-image-1157\" srcset=\"http:\/\/activas.pt\/portal\/wp-content\/uploads\/2023\/04\/Programa_Webinar-ACTIVAS_12.04.2023-724x1024.png 724w, http:\/\/activas.pt\/portal\/wp-content\/uploads\/2023\/04\/Programa_Webinar-ACTIVAS_12.04.2023-212x300.png 212w, http:\/\/activas.pt\/portal\/wp-content\/uploads\/2023\/04\/Programa_Webinar-ACTIVAS_12.04.2023-768x1086.png 768w, http:\/\/activas.pt\/portal\/wp-content\/uploads\/2023\/04\/Programa_Webinar-ACTIVAS_12.04.2023-1086x1536.png 1086w, http:\/\/activas.pt\/portal\/wp-content\/uploads\/2023\/04\/Programa_Webinar-ACTIVAS_12.04.2023-1448x2048.png 1448w\" sizes=\"auto, (max-width: 724px) 100vw, 724px\" \/><\/figure>\n","protected":false},"excerpt":{"rendered":"<p>O&nbsp;Cluster TICE.PT&nbsp;e&nbsp;o&nbsp;Cluster Habitat Sustent\u00e1vel&nbsp;anunciam a organiza\u00e7\u00e3o de um Webinar do projeto AcTiVas, com o t\u00edtulo \u201c&nbsp;AcTiVas: um projeto para o seu futuro&nbsp;\u201c, a decorrer no dia 12 de abril de 2023 pelas 16h30. O objetivo deste webinar \u00e9 dar a conhecer o projeto mobilizador de I&amp;DT AcTiVas (Ambientes constru\u00eddos para uma vida ativa, segura e&#8230;<\/p>\n","protected":false},"author":1,"featured_media":811,"comment_status":"open","ping_status":"open","sticky":false,"template":"","format":"standard","meta":{"kt_blocks_editor_width":"","_kad_post_transparent":"","_kad_post_title":"","_kad_post_layout":"","_kad_post_sidebar_id":"","_kad_post_content_style":"","_kad_post_vertical_padding":"","_kad_post_feature":"","_kad_post_feature_position":"","_kad_post_header":false,"_kad_post_footer":false,"footnotes":""},"categories":[7],"tags":[],"class_list":["post-1144","post","type-post","status-publish","format-standard","has-post-thumbnail","hentry","category-eventos"],"featured_image_src_large":["http:\/\/activas.pt\/portal\/wp-content\/uploads\/2021\/06\/pexels-tom-leishman-6975187-1024x683.jpg",1024,683,true],"author_info":{"display_name":"admin","author_link":"http:\/\/activas.pt\/portal\/?author=1"},"comment_info":0,"category_info":[{"term_id":7,"name":"Eventos","slug":"eventos","term_group":0,"term_taxonomy_id":7,"taxonomy":"category","description":"","parent":0,"count":15,"filter":"raw","cat_ID":7,"category_count":15,"category_description":"","cat_name":"Eventos","category_nicename":"eventos","category_parent":0}],"tag_info":false,"taxonomy_info":{"category":[{"value":7,"label":"Eventos"}]},"_links":{"self":[{"href":"http:\/\/activas.pt\/portal\/index.php?rest_route=\/wp\/v2\/posts\/1144","targetHints":{"allow":["GET"]}}],"collection":[{"href":"http:\/\/activas.pt\/portal\/index.php?rest_route=\/wp\/v2\/posts"}],"about":[{"href":"http:\/\/activas.pt\/portal\/index.php?rest_route=\/wp\/v2\/types\/post"}],"author":[{"embeddable":true,"href":"http:\/\/activas.pt\/portal\/index.php?rest_route=\/wp\/v2\/users\/1"}],"replies":[{"embeddable":true,"href":"http:\/\/activas.pt\/portal\/index.php?rest_route=%2Fwp%2Fv2%2Fcomments&post=1144"}],"version-history":[{"count":8,"href":"http:\/\/activas.pt\/portal\/index.php?rest_route=\/wp\/v2\/posts\/1144\/revisions"}],"predecessor-version":[{"id":1159,"href":"http:\/\/activas.pt\/portal\/index.php?rest_route=\/wp\/v2\/posts\/1144\/revisions\/1159"}],"wp:featuredmedia":[{"embeddable":true,"href":"http:\/\/activas.pt\/portal\/index.php?rest_route=\/wp\/v2\/media\/811"}],"wp:attachment":[{"href":"http:\/\/activas.pt\/portal\/index.php?rest_route=%2Fwp%2Fv2%2Fmedia&parent=1144"}],"wp:term":[{"taxonomy":"category","embeddable":true,"href":"http:\/\/activas.pt\/portal\/index.php?rest_route=%2Fwp%2Fv2%2Fcategories&post=1144"},{"taxonomy":"post_tag","embeddable":true,"href":"http:\/\/activas.pt\/portal\/index.php?rest_route=%2Fwp%2Fv2%2Ftags&post=1144"}],"curies":[{"name":"wp","href":"https:\/\/api.w.org\/{rel}","templated":true}]}}