{"id":1132,"date":"2023-02-09T15:37:03","date_gmt":"2023-02-09T15:37:03","guid":{"rendered":"http:\/\/activas.pt\/portal\/?p=1132"},"modified":"2023-02-10T12:44:25","modified_gmt":"2023-02-10T12:44:25","slug":"participacao-na-conferencia-international-conference-learning-and-implementing-social-innovation","status":"publish","type":"post","link":"http:\/\/activas.pt\/portal\/?p=1132","title":{"rendered":"<strong>Participa\u00e7\u00e3o na Confer\u00eancia \u201cInternational Conference Learning and Implementing Social Innovation<\/strong>"},"content":{"rendered":"\n<p><\/p>\n\n\n\n<p>O TICE.PT participou no evento \u201cInternational Conference Learning and Implementing Social Innovation\u201d que decorreu nos dias 8 e 9 de novembro de 2022, em Coimbra. Foi realizada uma apresenta\u00e7\u00e3o oral no \u00e2mbito da qual foi dado a conhecer os principais resultados do projeto AcTiVas intitulada \u201cICT and health hand-in-hand V2\u201d no \u00e2mbito do PPS5 \u2013 Gest\u00e3o Integrada de Solu\u00e7\u00f5es e Modelos de Neg\u00f3cios para Ambientes Assistidos.<\/p>\n","protected":false},"excerpt":{"rendered":"<p>O TICE.PT participou no evento \u201cInternational Conference Learning and Implementing Social Innovation\u201d que decorreu nos dias 8 e 9 de novembro de 2022, em Coimbra. Foi realizada uma apresenta\u00e7\u00e3o oral no \u00e2mbito da qual foi dado a conhecer os principais resultados do projeto AcTiVas intitulada \u201cICT and health hand-in-hand V2\u201d no \u00e2mbito do PPS5 \u2013&#8230;<\/p>\n","protected":false},"author":1,"featured_media":1133,"comment_status":"open","ping_status":"open","sticky":false,"template":"","format":"standard","meta":{"kt_blocks_editor_width":"","_kad_post_transparent":"","_kad_post_title":"","_kad_post_layout":"","_kad_post_sidebar_id":"","_kad_post_content_style":"","_kad_post_vertical_padding":"","_kad_post_feature":"","_kad_post_feature_position":"","_kad_post_header":false,"_kad_post_footer":false,"footnotes":""},"categories":[7],"tags":[],"class_list":["post-1132","post","type-post","status-publish","format-standard","has-post-thumbnail","hentry","category-eventos"],"featured_image_src_large":["http:\/\/activas.pt\/portal\/wp-content\/uploads\/2023\/02\/activas.png",800,600,false],"author_info":{"display_name":"admin","author_link":"http:\/\/activas.pt\/portal\/?author=1"},"comment_info":0,"category_info":[{"term_id":7,"name":"Eventos","slug":"eventos","term_group":0,"term_taxonomy_id":7,"taxonomy":"category","description":"","parent":0,"count":15,"filter":"raw","cat_ID":7,"category_count":15,"category_description":"","cat_name":"Eventos","category_nicename":"eventos","category_parent":0}],"tag_info":false,"taxonomy_info":{"category":[{"value":7,"label":"Eventos"}]},"_links":{"self":[{"href":"http:\/\/activas.pt\/portal\/index.php?rest_route=\/wp\/v2\/posts\/1132","targetHints":{"allow":["GET"]}}],"collection":[{"href":"http:\/\/activas.pt\/portal\/index.php?rest_route=\/wp\/v2\/posts"}],"about":[{"href":"http:\/\/activas.pt\/portal\/index.php?rest_route=\/wp\/v2\/types\/post"}],"author":[{"embeddable":true,"href":"http:\/\/activas.pt\/portal\/index.php?rest_route=\/wp\/v2\/users\/1"}],"replies":[{"embeddable":true,"href":"http:\/\/activas.pt\/portal\/index.php?rest_route=%2Fwp%2Fv2%2Fcomments&post=1132"}],"version-history":[{"count":2,"href":"http:\/\/activas.pt\/portal\/index.php?rest_route=\/wp\/v2\/posts\/1132\/revisions"}],"predecessor-version":[{"id":1140,"href":"http:\/\/activas.pt\/portal\/index.php?rest_route=\/wp\/v2\/posts\/1132\/revisions\/1140"}],"wp:featuredmedia":[{"embeddable":true,"href":"http:\/\/activas.pt\/portal\/index.php?rest_route=\/wp\/v2\/media\/1133"}],"wp:attachment":[{"href":"http:\/\/activas.pt\/portal\/index.php?rest_route=%2Fwp%2Fv2%2Fmedia&parent=1132"}],"wp:term":[{"taxonomy":"category","embeddable":true,"href":"http:\/\/activas.pt\/portal\/index.php?rest_route=%2Fwp%2Fv2%2Fcategories&post=1132"},{"taxonomy":"post_tag","embeddable":true,"href":"http:\/\/activas.pt\/portal\/index.php?rest_route=%2Fwp%2Fv2%2Ftags&post=1132"}],"curies":[{"name":"wp","href":"https:\/\/api.w.org\/{rel}","templated":true}]}}