{"id":1116,"date":"2023-02-09T10:45:22","date_gmt":"2023-02-09T10:45:22","guid":{"rendered":"http:\/\/activas.pt\/portal\/?p=1116"},"modified":"2023-02-10T12:44:07","modified_gmt":"2023-02-10T12:44:07","slug":"participacao-no-congresso-construcao-2022","status":"publish","type":"post","link":"http:\/\/activas.pt\/portal\/?p=1116","title":{"rendered":"Participa\u00e7\u00e3o no Congresso \u201cConstru\u00e7\u00e3o 2022\u201d"},"content":{"rendered":"\n<p><\/p>\n\n\n\n<p>No dia <strong>6 de dezembro de 2022<\/strong>, a Universidade de Aveiro representou o projeto <strong>AcTiVas<\/strong> no <strong>Congresso \u201cConstru\u00e7\u00e3o 2022<\/strong>\u201d, em Guimar\u00e3es, atrav\u00e9s de uma comunica\u00e7\u00e3o oral e da publica\u00e7\u00e3o de um artigo no livro de atas do Congresso sobre a tem\u00e1tica \u201c<strong>Sistemas de Constru\u00e7\u00e3o Modular Adaptado para Ambientes Constru\u00eddos Saud\u00e1veis<\/strong>\u201d.<\/p>\n\n\n\n<p>O Congresso Constru\u00e7\u00e3o 2022 teve como objetivo principal reunir especialistas para apresentar resultados de investiga\u00e7\u00f5es e discutir perspetivas de futuros desenvolvimentos relativos ao setor da Constru\u00e7\u00e3o.<\/p>\n\n\n\n<p>Mais informa\u00e7\u00f5es sobre o Congresso <a href=\"https:\/\/civil.uminho.pt\/construcao2022\/\"><strong>AQUI<\/strong><\/a>.<\/p>\n\n\n\n<figure class=\"wp-block-gallery has-nested-images columns-default is-cropped wp-block-gallery-1 is-layout-flex wp-block-gallery-is-layout-flex\">\n<figure class=\"wp-block-image size-large\"><img loading=\"lazy\" decoding=\"async\" width=\"769\" height=\"580\" data-id=\"1119\" src=\"http:\/\/activas.pt\/portal\/wp-content\/uploads\/2023\/02\/image-8.png\" alt=\"\" class=\"wp-image-1119\" srcset=\"http:\/\/activas.pt\/portal\/wp-content\/uploads\/2023\/02\/image-8.png 769w, http:\/\/activas.pt\/portal\/wp-content\/uploads\/2023\/02\/image-8-300x226.png 300w\" sizes=\"auto, (max-width: 769px) 100vw, 769px\" \/><\/figure>\n\n\n\n<figure class=\"wp-block-image size-large\"><img loading=\"lazy\" decoding=\"async\" width=\"767\" height=\"580\" data-id=\"1118\" src=\"http:\/\/activas.pt\/portal\/wp-content\/uploads\/2023\/02\/image-7.png\" alt=\"\" class=\"wp-image-1118\" srcset=\"http:\/\/activas.pt\/portal\/wp-content\/uploads\/2023\/02\/image-7.png 767w, http:\/\/activas.pt\/portal\/wp-content\/uploads\/2023\/02\/image-7-300x227.png 300w\" sizes=\"auto, (max-width: 767px) 100vw, 767px\" \/><\/figure>\n<\/figure>\n","protected":false},"excerpt":{"rendered":"<p>No dia 6 de dezembro de 2022, a Universidade de Aveiro representou o projeto AcTiVas no Congresso \u201cConstru\u00e7\u00e3o 2022\u201d, em Guimar\u00e3es, atrav\u00e9s de uma comunica\u00e7\u00e3o oral e da publica\u00e7\u00e3o de um artigo no livro de atas do Congresso sobre a tem\u00e1tica \u201cSistemas de Constru\u00e7\u00e3o Modular Adaptado para Ambientes Constru\u00eddos Saud\u00e1veis\u201d. O Congresso Constru\u00e7\u00e3o 2022 teve&#8230;<\/p>\n","protected":false},"author":1,"featured_media":1117,"comment_status":"open","ping_status":"open","sticky":false,"template":"","format":"standard","meta":{"kt_blocks_editor_width":"","_kad_post_transparent":"","_kad_post_title":"","_kad_post_layout":"","_kad_post_sidebar_id":"","_kad_post_content_style":"","_kad_post_vertical_padding":"","_kad_post_feature":"","_kad_post_feature_position":"","_kad_post_header":false,"_kad_post_footer":false,"footnotes":""},"categories":[7],"tags":[],"class_list":["post-1116","post","type-post","status-publish","format-standard","has-post-thumbnail","hentry","category-eventos"],"featured_image_src_large":["http:\/\/activas.pt\/portal\/wp-content\/uploads\/2023\/02\/image-6.png",779,406,false],"author_info":{"display_name":"admin","author_link":"http:\/\/activas.pt\/portal\/?author=1"},"comment_info":0,"category_info":[{"term_id":7,"name":"Eventos","slug":"eventos","term_group":0,"term_taxonomy_id":7,"taxonomy":"category","description":"","parent":0,"count":15,"filter":"raw","cat_ID":7,"category_count":15,"category_description":"","cat_name":"Eventos","category_nicename":"eventos","category_parent":0}],"tag_info":false,"taxonomy_info":{"category":[{"value":7,"label":"Eventos"}]},"_links":{"self":[{"href":"http:\/\/activas.pt\/portal\/index.php?rest_route=\/wp\/v2\/posts\/1116","targetHints":{"allow":["GET"]}}],"collection":[{"href":"http:\/\/activas.pt\/portal\/index.php?rest_route=\/wp\/v2\/posts"}],"about":[{"href":"http:\/\/activas.pt\/portal\/index.php?rest_route=\/wp\/v2\/types\/post"}],"author":[{"embeddable":true,"href":"http:\/\/activas.pt\/portal\/index.php?rest_route=\/wp\/v2\/users\/1"}],"replies":[{"embeddable":true,"href":"http:\/\/activas.pt\/portal\/index.php?rest_route=%2Fwp%2Fv2%2Fcomments&post=1116"}],"version-history":[{"count":2,"href":"http:\/\/activas.pt\/portal\/index.php?rest_route=\/wp\/v2\/posts\/1116\/revisions"}],"predecessor-version":[{"id":1121,"href":"http:\/\/activas.pt\/portal\/index.php?rest_route=\/wp\/v2\/posts\/1116\/revisions\/1121"}],"wp:featuredmedia":[{"embeddable":true,"href":"http:\/\/activas.pt\/portal\/index.php?rest_route=\/wp\/v2\/media\/1117"}],"wp:attachment":[{"href":"http:\/\/activas.pt\/portal\/index.php?rest_route=%2Fwp%2Fv2%2Fmedia&parent=1116"}],"wp:term":[{"taxonomy":"category","embeddable":true,"href":"http:\/\/activas.pt\/portal\/index.php?rest_route=%2Fwp%2Fv2%2Fcategories&post=1116"},{"taxonomy":"post_tag","embeddable":true,"href":"http:\/\/activas.pt\/portal\/index.php?rest_route=%2Fwp%2Fv2%2Ftags&post=1116"}],"curies":[{"name":"wp","href":"https:\/\/api.w.org\/{rel}","templated":true}]}}