{"id":1091,"date":"2022-10-28T19:50:56","date_gmt":"2022-10-28T19:50:56","guid":{"rendered":"http:\/\/activas.pt\/portal\/?p=1091"},"modified":"2022-10-28T19:50:56","modified_gmt":"2022-10-28T19:50:56","slug":"2a-reuniao-comissao-executiva","status":"publish","type":"post","link":"http:\/\/activas.pt\/portal\/?p=1091","title":{"rendered":"2\u00aa Reuni\u00e3o Comiss\u00e3o Executiva"},"content":{"rendered":"\n<p><\/p>\n\n\n\n<p>Realizou-se, no dia 10 de novembro de 2021, a 2\u00aa Reuni\u00e3o de Comiss\u00e3o Executiva do Projeto Mobilizador AcTiVas. O evento decorreu de forma presencial, do Departamento de Engenharia Civil da Universidade de Aveiro.<\/p>\n\n\n\n<p>Inicialmente foi abordado o ponto de situa\u00e7\u00e3o dos trabalhos realizados at\u00e9 \u00e0 data no projeto, seguindo-se a identifica\u00e7\u00e3o dos pontos cr\u00edticos que necessitem de uma mitiga\u00e7\u00e3o adequada e atempada.  <\/p>\n\n\n\n<figure class=\"wp-block-image size-large\"><img loading=\"lazy\" decoding=\"async\" width=\"1024\" height=\"683\" src=\"http:\/\/activas.pt\/portal\/wp-content\/uploads\/2022\/10\/IMG_4518-1024x683.jpg\" alt=\"\" class=\"wp-image-1092\" srcset=\"http:\/\/activas.pt\/portal\/wp-content\/uploads\/2022\/10\/IMG_4518-1024x683.jpg 1024w, http:\/\/activas.pt\/portal\/wp-content\/uploads\/2022\/10\/IMG_4518-300x200.jpg 300w, http:\/\/activas.pt\/portal\/wp-content\/uploads\/2022\/10\/IMG_4518-768x512.jpg 768w, http:\/\/activas.pt\/portal\/wp-content\/uploads\/2022\/10\/IMG_4518-1536x1024.jpg 1536w, http:\/\/activas.pt\/portal\/wp-content\/uploads\/2022\/10\/IMG_4518-2048x1365.jpg 2048w\" sizes=\"auto, (max-width: 1024px) 100vw, 1024px\" \/><\/figure>\n\n\n\n<p><\/p>\n","protected":false},"excerpt":{"rendered":"<p>Realizou-se, no dia 10 de novembro de 2021, a 2\u00aa Reuni\u00e3o de Comiss\u00e3o Executiva do Projeto Mobilizador AcTiVas. O evento decorreu de forma presencial, do Departamento de Engenharia Civil da Universidade de Aveiro. Inicialmente foi abordado o ponto de situa\u00e7\u00e3o dos trabalhos realizados at\u00e9 \u00e0 data no projeto, seguindo-se a identifica\u00e7\u00e3o dos pontos cr\u00edticos que&#8230;<\/p>\n","protected":false},"author":1,"featured_media":1092,"comment_status":"open","ping_status":"open","sticky":false,"template":"","format":"standard","meta":{"kt_blocks_editor_width":"","_kad_post_transparent":"","_kad_post_title":"","_kad_post_layout":"","_kad_post_sidebar_id":"","_kad_post_content_style":"","_kad_post_vertical_padding":"","_kad_post_feature":"","_kad_post_feature_position":"","_kad_post_header":false,"_kad_post_footer":false,"footnotes":""},"categories":[1],"tags":[],"class_list":["post-1091","post","type-post","status-publish","format-standard","has-post-thumbnail","hentry","category-reunioes"],"featured_image_src_large":["http:\/\/activas.pt\/portal\/wp-content\/uploads\/2022\/10\/IMG_4518-1024x683.jpg",1024,683,true],"author_info":{"display_name":"admin","author_link":"http:\/\/activas.pt\/portal\/?author=1"},"comment_info":0,"category_info":[{"term_id":1,"name":"Reuni\u00f5es","slug":"reunioes","term_group":0,"term_taxonomy_id":1,"taxonomy":"category","description":"","parent":0,"count":13,"filter":"raw","cat_ID":1,"category_count":13,"category_description":"","cat_name":"Reuni\u00f5es","category_nicename":"reunioes","category_parent":0}],"tag_info":false,"taxonomy_info":{"category":[{"value":1,"label":"Reuni\u00f5es"}]},"_links":{"self":[{"href":"http:\/\/activas.pt\/portal\/index.php?rest_route=\/wp\/v2\/posts\/1091","targetHints":{"allow":["GET"]}}],"collection":[{"href":"http:\/\/activas.pt\/portal\/index.php?rest_route=\/wp\/v2\/posts"}],"about":[{"href":"http:\/\/activas.pt\/portal\/index.php?rest_route=\/wp\/v2\/types\/post"}],"author":[{"embeddable":true,"href":"http:\/\/activas.pt\/portal\/index.php?rest_route=\/wp\/v2\/users\/1"}],"replies":[{"embeddable":true,"href":"http:\/\/activas.pt\/portal\/index.php?rest_route=%2Fwp%2Fv2%2Fcomments&post=1091"}],"version-history":[{"count":1,"href":"http:\/\/activas.pt\/portal\/index.php?rest_route=\/wp\/v2\/posts\/1091\/revisions"}],"predecessor-version":[{"id":1093,"href":"http:\/\/activas.pt\/portal\/index.php?rest_route=\/wp\/v2\/posts\/1091\/revisions\/1093"}],"wp:featuredmedia":[{"embeddable":true,"href":"http:\/\/activas.pt\/portal\/index.php?rest_route=\/wp\/v2\/media\/1092"}],"wp:attachment":[{"href":"http:\/\/activas.pt\/portal\/index.php?rest_route=%2Fwp%2Fv2%2Fmedia&parent=1091"}],"wp:term":[{"taxonomy":"category","embeddable":true,"href":"http:\/\/activas.pt\/portal\/index.php?rest_route=%2Fwp%2Fv2%2Fcategories&post=1091"},{"taxonomy":"post_tag","embeddable":true,"href":"http:\/\/activas.pt\/portal\/index.php?rest_route=%2Fwp%2Fv2%2Ftags&post=1091"}],"curies":[{"name":"wp","href":"https:\/\/api.w.org\/{rel}","templated":true}]}}