{"id":1086,"date":"2022-10-28T19:46:15","date_gmt":"2022-10-28T19:46:15","guid":{"rendered":"http:\/\/activas.pt\/portal\/?p=1086"},"modified":"2022-10-28T19:47:07","modified_gmt":"2022-10-28T19:47:07","slug":"1a-reuniao-comissao-gestao%ef%bf%bc","status":"publish","type":"post","link":"http:\/\/activas.pt\/portal\/?p=1086","title":{"rendered":"1\u00aa Reuni\u00e3o Comiss\u00e3o Gest\u00e3o"},"content":{"rendered":"\n<p><\/p>\n\n\n\n<p>No dia 17 de Novembro de 2020, realizou-se a 1\u00aa Reuni\u00e3o de Comiss\u00e3o Gest\u00e3o do Projeto Mobilizador AcTiVas. Dada a impossibilidade de realizar esta reuni\u00e3o de forma presencial, o evento foi realizado online, atrav\u00e9s da plataforma Microsoft Teams.<\/p>\n\n\n\n<p>Inicialmente foram apresentados os desenvolvimentos dos trabalhos de cada PPS. Por se tratar da primeira reuni\u00e3o da Comiss\u00e3o de Gest\u00e3o, foram identificadas as solu\u00e7\u00f5es que cada PPS pretende desenvolver enquadradas com os objetivos do projeto.<\/p>\n\n\n\n<p>Por \u00faltimo foram abordadas as depend\u00eancias e sinergias existentes entre PPS, algo que ser\u00e1 importante para a concretiza\u00e7\u00e3o dos objetivos do projeto.<\/p>\n","protected":false},"excerpt":{"rendered":"<p>No dia 17 de Novembro de 2020, realizou-se a 1\u00aa Reuni\u00e3o de Comiss\u00e3o Gest\u00e3o do Projeto Mobilizador AcTiVas. Dada a impossibilidade de realizar esta reuni\u00e3o de forma presencial, o evento foi realizado online, atrav\u00e9s da plataforma Microsoft Teams. Inicialmente foram apresentados os desenvolvimentos dos trabalhos de cada PPS. Por se tratar da primeira reuni\u00e3o da&#8230;<\/p>\n","protected":false},"author":1,"featured_media":1087,"comment_status":"open","ping_status":"open","sticky":false,"template":"","format":"standard","meta":{"kt_blocks_editor_width":"","_kad_post_transparent":"","_kad_post_title":"","_kad_post_layout":"","_kad_post_sidebar_id":"","_kad_post_content_style":"","_kad_post_vertical_padding":"","_kad_post_feature":"","_kad_post_feature_position":"","_kad_post_header":false,"_kad_post_footer":false,"footnotes":""},"categories":[1],"tags":[],"class_list":["post-1086","post","type-post","status-publish","format-standard","has-post-thumbnail","hentry","category-reunioes"],"featured_image_src_large":["http:\/\/activas.pt\/portal\/wp-content\/uploads\/2022\/10\/Picture1.png",567,319,false],"author_info":{"display_name":"admin","author_link":"http:\/\/activas.pt\/portal\/?author=1"},"comment_info":0,"category_info":[{"term_id":1,"name":"Reuni\u00f5es","slug":"reunioes","term_group":0,"term_taxonomy_id":1,"taxonomy":"category","description":"","parent":0,"count":13,"filter":"raw","cat_ID":1,"category_count":13,"category_description":"","cat_name":"Reuni\u00f5es","category_nicename":"reunioes","category_parent":0}],"tag_info":false,"taxonomy_info":{"category":[{"value":1,"label":"Reuni\u00f5es"}]},"_links":{"self":[{"href":"http:\/\/activas.pt\/portal\/index.php?rest_route=\/wp\/v2\/posts\/1086","targetHints":{"allow":["GET"]}}],"collection":[{"href":"http:\/\/activas.pt\/portal\/index.php?rest_route=\/wp\/v2\/posts"}],"about":[{"href":"http:\/\/activas.pt\/portal\/index.php?rest_route=\/wp\/v2\/types\/post"}],"author":[{"embeddable":true,"href":"http:\/\/activas.pt\/portal\/index.php?rest_route=\/wp\/v2\/users\/1"}],"replies":[{"embeddable":true,"href":"http:\/\/activas.pt\/portal\/index.php?rest_route=%2Fwp%2Fv2%2Fcomments&post=1086"}],"version-history":[{"count":2,"href":"http:\/\/activas.pt\/portal\/index.php?rest_route=\/wp\/v2\/posts\/1086\/revisions"}],"predecessor-version":[{"id":1090,"href":"http:\/\/activas.pt\/portal\/index.php?rest_route=\/wp\/v2\/posts\/1086\/revisions\/1090"}],"wp:featuredmedia":[{"embeddable":true,"href":"http:\/\/activas.pt\/portal\/index.php?rest_route=\/wp\/v2\/media\/1087"}],"wp:attachment":[{"href":"http:\/\/activas.pt\/portal\/index.php?rest_route=%2Fwp%2Fv2%2Fmedia&parent=1086"}],"wp:term":[{"taxonomy":"category","embeddable":true,"href":"http:\/\/activas.pt\/portal\/index.php?rest_route=%2Fwp%2Fv2%2Fcategories&post=1086"},{"taxonomy":"post_tag","embeddable":true,"href":"http:\/\/activas.pt\/portal\/index.php?rest_route=%2Fwp%2Fv2%2Ftags&post=1086"}],"curies":[{"name":"wp","href":"https:\/\/api.w.org\/{rel}","templated":true}]}}