{"id":1065,"date":"2022-08-30T09:19:57","date_gmt":"2022-08-30T09:19:57","guid":{"rendered":"http:\/\/activas.pt\/portal\/?p=1065"},"modified":"2022-08-30T09:19:57","modified_gmt":"2022-08-30T09:19:57","slug":"participacao-na-uk-care-week-2022","status":"publish","type":"post","link":"http:\/\/activas.pt\/portal\/?p=1065","title":{"rendered":"Participa\u00e7\u00e3o na UK Care Week 2022"},"content":{"rendered":"\n<p><\/p>\n\n\n\n<p>Os membros do cons\u00f3rcio do projeto AcTiVas, Intellicare e IPN, participaram na <a href=\"https:\/\/www.ukcareweek.com\/\">UK Care Week<\/a>, a principal feira associada a cuidadores e policy makers, que teve lugar em Birmingham nos dias 4 a 7 de julho de 2022. No \u00e2mbito desta a\u00e7\u00e3o de comunica\u00e7\u00e3o, foram apresentados pelos PPS 2 e PPS 4, o 1\u00ba prot\u00f3tipo da gateway e agentes artificiais.<\/p>\n\n\n\n<p>Esta representa\u00e7\u00e3o do projeto AcTiVas trouxe um target esperado de 15.000 tomadores de decis\u00e3o e cerca de 4.000 visitantes, entre eles detentores de or\u00e7amento dentro de lares de idosos e ag\u00eancias de atendimento domiciliar, nomeadamente os propriet\u00e1rios, diretores, gerentes, CTOs, diretores de atendimento, chefes de compras, diretores de opera\u00e7\u00f5es, chefes de departamento, diretores regionais, bem como Autoridades Locais e NHS Trusts.<\/p>\n\n\n\n<figure class=\"wp-block-gallery has-nested-images columns-default is-cropped wp-block-gallery-1 is-layout-flex wp-block-gallery-is-layout-flex\">\n<figure class=\"wp-block-image is-style-default\"><img decoding=\"async\" src=\"blob:http:\/\/activas.pt\/d80b06a8-f45e-44b3-afba-fdf6709b8502\" alt=\"\"\/><\/figure>\n\n\n\n<figure class=\"wp-block-image size-large\"><img loading=\"lazy\" decoding=\"async\" width=\"768\" height=\"1024\" data-id=\"1067\" src=\"http:\/\/activas.pt\/portal\/wp-content\/uploads\/2022\/08\/img_uk_care_week_2-768x1024.jpeg\" alt=\"\" class=\"wp-image-1067\" srcset=\"http:\/\/activas.pt\/portal\/wp-content\/uploads\/2022\/08\/img_uk_care_week_2-768x1024.jpeg 768w, http:\/\/activas.pt\/portal\/wp-content\/uploads\/2022\/08\/img_uk_care_week_2-225x300.jpeg 225w, http:\/\/activas.pt\/portal\/wp-content\/uploads\/2022\/08\/img_uk_care_week_2-1152x1536.jpeg 1152w, http:\/\/activas.pt\/portal\/wp-content\/uploads\/2022\/08\/img_uk_care_week_2.jpeg 1512w\" sizes=\"auto, (max-width: 768px) 100vw, 768px\" \/><\/figure>\n\n\n\n<figure class=\"wp-block-image\"><img decoding=\"async\" src=\"blob:http:\/\/activas.pt\/6cf9fe25-0356-4e82-8e20-c156235c7fc9\" alt=\"\"\/><\/figure>\n\n\n\n<figure class=\"wp-block-image size-large\"><img loading=\"lazy\" decoding=\"async\" width=\"768\" height=\"1024\" data-id=\"1068\" src=\"http:\/\/activas.pt\/portal\/wp-content\/uploads\/2022\/08\/img_uk_care_week_4-768x1024.jpeg\" alt=\"\" class=\"wp-image-1068\" srcset=\"http:\/\/activas.pt\/portal\/wp-content\/uploads\/2022\/08\/img_uk_care_week_4-768x1024.jpeg 768w, http:\/\/activas.pt\/portal\/wp-content\/uploads\/2022\/08\/img_uk_care_week_4-225x300.jpeg 225w, http:\/\/activas.pt\/portal\/wp-content\/uploads\/2022\/08\/img_uk_care_week_4-1152x1536.jpeg 1152w, http:\/\/activas.pt\/portal\/wp-content\/uploads\/2022\/08\/img_uk_care_week_4.jpeg 1512w\" sizes=\"auto, (max-width: 768px) 100vw, 768px\" \/><\/figure>\n\n\n\n<figure class=\"wp-block-image\"><img decoding=\"async\" src=\"blob:http:\/\/activas.pt\/b70ba2ab-f1b2-4897-b72f-fd3dfea1fb7f\" alt=\"\"\/><\/figure>\n\n\n\n<figure class=\"wp-block-image size-large\"><img loading=\"lazy\" decoding=\"async\" width=\"768\" height=\"1024\" data-id=\"1066\" src=\"http:\/\/activas.pt\/portal\/wp-content\/uploads\/2022\/08\/img_uk_care_week_6-768x1024.jpeg\" alt=\"\" class=\"wp-image-1066\" srcset=\"http:\/\/activas.pt\/portal\/wp-content\/uploads\/2022\/08\/img_uk_care_week_6-768x1025.jpeg 768w, http:\/\/activas.pt\/portal\/wp-content\/uploads\/2022\/08\/img_uk_care_week_6-225x300.jpeg 225w, http:\/\/activas.pt\/portal\/wp-content\/uploads\/2022\/08\/img_uk_care_week_6-1151x1536.jpeg 1151w, http:\/\/activas.pt\/portal\/wp-content\/uploads\/2022\/08\/img_uk_care_week_6.jpeg 1535w\" sizes=\"auto, (max-width: 768px) 100vw, 768px\" \/><\/figure>\n\n\n\n<figure class=\"wp-block-image size-large\"><img loading=\"lazy\" decoding=\"async\" width=\"768\" height=\"1024\" data-id=\"1072\" src=\"http:\/\/activas.pt\/portal\/wp-content\/uploads\/2022\/08\/WhatsApp-Image-2022-07-26-at-20.41.12-768x1024.jpeg\" alt=\"\" class=\"wp-image-1072\" srcset=\"http:\/\/activas.pt\/portal\/wp-content\/uploads\/2022\/08\/WhatsApp-Image-2022-07-26-at-20.41.12-768x1024.jpeg 768w, http:\/\/activas.pt\/portal\/wp-content\/uploads\/2022\/08\/WhatsApp-Image-2022-07-26-at-20.41.12-225x300.jpeg 225w, http:\/\/activas.pt\/portal\/wp-content\/uploads\/2022\/08\/WhatsApp-Image-2022-07-26-at-20.41.12-1152x1536.jpeg 1152w, http:\/\/activas.pt\/portal\/wp-content\/uploads\/2022\/08\/WhatsApp-Image-2022-07-26-at-20.41.12.jpeg 1512w\" sizes=\"auto, (max-width: 768px) 100vw, 768px\" \/><\/figure>\n<\/figure>\n","protected":false},"excerpt":{"rendered":"<p>Os membros do cons\u00f3rcio do projeto AcTiVas, Intellicare e IPN, participaram na UK Care Week, a principal feira associada a cuidadores e policy makers, que teve lugar em Birmingham nos dias 4 a 7 de julho de 2022. No \u00e2mbito desta a\u00e7\u00e3o de comunica\u00e7\u00e3o, foram apresentados pelos PPS 2 e PPS 4, o 1\u00ba prot\u00f3tipo&#8230;<\/p>\n","protected":false},"author":1,"featured_media":1068,"comment_status":"open","ping_status":"open","sticky":false,"template":"","format":"standard","meta":{"kt_blocks_editor_width":"","_kad_post_transparent":"","_kad_post_title":"","_kad_post_layout":"","_kad_post_sidebar_id":"","_kad_post_content_style":"","_kad_post_vertical_padding":"","_kad_post_feature":"","_kad_post_feature_position":"","_kad_post_header":false,"_kad_post_footer":false,"footnotes":""},"categories":[7],"tags":[],"class_list":["post-1065","post","type-post","status-publish","format-standard","has-post-thumbnail","hentry","category-eventos"],"featured_image_src_large":["http:\/\/activas.pt\/portal\/wp-content\/uploads\/2022\/08\/img_uk_care_week_4-768x1024.jpeg",768,1024,true],"author_info":{"display_name":"admin","author_link":"http:\/\/activas.pt\/portal\/?author=1"},"comment_info":0,"category_info":[{"term_id":7,"name":"Eventos","slug":"eventos","term_group":0,"term_taxonomy_id":7,"taxonomy":"category","description":"","parent":0,"count":15,"filter":"raw","cat_ID":7,"category_count":15,"category_description":"","cat_name":"Eventos","category_nicename":"eventos","category_parent":0}],"tag_info":false,"taxonomy_info":{"category":[{"value":7,"label":"Eventos"}]},"_links":{"self":[{"href":"http:\/\/activas.pt\/portal\/index.php?rest_route=\/wp\/v2\/posts\/1065","targetHints":{"allow":["GET"]}}],"collection":[{"href":"http:\/\/activas.pt\/portal\/index.php?rest_route=\/wp\/v2\/posts"}],"about":[{"href":"http:\/\/activas.pt\/portal\/index.php?rest_route=\/wp\/v2\/types\/post"}],"author":[{"embeddable":true,"href":"http:\/\/activas.pt\/portal\/index.php?rest_route=\/wp\/v2\/users\/1"}],"replies":[{"embeddable":true,"href":"http:\/\/activas.pt\/portal\/index.php?rest_route=%2Fwp%2Fv2%2Fcomments&post=1065"}],"version-history":[{"count":2,"href":"http:\/\/activas.pt\/portal\/index.php?rest_route=\/wp\/v2\/posts\/1065\/revisions"}],"predecessor-version":[{"id":1074,"href":"http:\/\/activas.pt\/portal\/index.php?rest_route=\/wp\/v2\/posts\/1065\/revisions\/1074"}],"wp:featuredmedia":[{"embeddable":true,"href":"http:\/\/activas.pt\/portal\/index.php?rest_route=\/wp\/v2\/media\/1068"}],"wp:attachment":[{"href":"http:\/\/activas.pt\/portal\/index.php?rest_route=%2Fwp%2Fv2%2Fmedia&parent=1065"}],"wp:term":[{"taxonomy":"category","embeddable":true,"href":"http:\/\/activas.pt\/portal\/index.php?rest_route=%2Fwp%2Fv2%2Fcategories&post=1065"},{"taxonomy":"post_tag","embeddable":true,"href":"http:\/\/activas.pt\/portal\/index.php?rest_route=%2Fwp%2Fv2%2Ftags&post=1065"}],"curies":[{"name":"wp","href":"https:\/\/api.w.org\/{rel}","templated":true}]}}