{"id":1061,"date":"2022-08-30T09:18:30","date_gmt":"2022-08-30T09:18:30","guid":{"rendered":"http:\/\/activas.pt\/portal\/?p=1061"},"modified":"2022-08-30T09:18:30","modified_gmt":"2022-08-30T09:18:30","slug":"participacao-na-4a-edicao-das-jornadas-tecnicas-da-ceramica-2021","status":"publish","type":"post","link":"http:\/\/activas.pt\/portal\/?p=1061","title":{"rendered":"Participa\u00e7\u00e3o na 4\u00aa Edi\u00e7\u00e3o das Jornadas T\u00e9cnicas da Cer\u00e2mica 2021"},"content":{"rendered":"\n<p><\/p>\n\n\n\n<p>Os membros do cons\u00f3rcio do projeto AcTiVas, CENTI, CTCV e ALELUIA, realizaram uma comunica\u00e7\u00e3o oral no dia 19 de Novembro de 2021, com a tem\u00e1tica \u201cInova\u00e7\u00e3o Tecnol\u00f3gica em Materiais e Processos Industriais Cer\u00e2micos, Pitch de Projetos de Investiga\u00e7\u00e3o e Desenvolvimento Tecnol\u00f3gico\u201d no terceiro dia da <a href=\"https:\/\/www.ctcv.pt\/jtc2021\/\">4\u00aa Edi\u00e7\u00e3o das Jornadas T\u00e9cnicas da Cer\u00e2mica 2021<\/a>.<\/p>\n\n\n\n<p>A comunica\u00e7\u00e3o oral resultou dos trabalhos desenvolvidos no \u00e2mbito do PPS4 &#8211; Desenvolvimento e valida\u00e7\u00e3o de solu\u00e7\u00f5es para espa\u00e7os amig\u00e1veis e seguros.<\/p>\n","protected":false},"excerpt":{"rendered":"<p>Os membros do cons\u00f3rcio do projeto AcTiVas, CENTI, CTCV e ALELUIA, realizaram uma comunica\u00e7\u00e3o oral no dia 19 de Novembro de 2021, com a tem\u00e1tica \u201cInova\u00e7\u00e3o Tecnol\u00f3gica em Materiais e Processos Industriais Cer\u00e2micos, Pitch de Projetos de Investiga\u00e7\u00e3o e Desenvolvimento Tecnol\u00f3gico\u201d no terceiro dia da 4\u00aa Edi\u00e7\u00e3o das Jornadas T\u00e9cnicas da Cer\u00e2mica 2021. A comunica\u00e7\u00e3o&#8230;<\/p>\n","protected":false},"author":1,"featured_media":1063,"comment_status":"open","ping_status":"open","sticky":false,"template":"","format":"standard","meta":{"kt_blocks_editor_width":"","_kad_post_transparent":"","_kad_post_title":"","_kad_post_layout":"","_kad_post_sidebar_id":"","_kad_post_content_style":"","_kad_post_vertical_padding":"","_kad_post_feature":"","_kad_post_feature_position":"","_kad_post_header":false,"_kad_post_footer":false,"footnotes":""},"categories":[7],"tags":[],"class_list":["post-1061","post","type-post","status-publish","format-standard","has-post-thumbnail","hentry","category-eventos"],"featured_image_src_large":["http:\/\/activas.pt\/portal\/wp-content\/uploads\/2022\/08\/logo_jtc.png",479,137,false],"author_info":{"display_name":"admin","author_link":"http:\/\/activas.pt\/portal\/?author=1"},"comment_info":0,"category_info":[{"term_id":7,"name":"Eventos","slug":"eventos","term_group":0,"term_taxonomy_id":7,"taxonomy":"category","description":"","parent":0,"count":15,"filter":"raw","cat_ID":7,"category_count":15,"category_description":"","cat_name":"Eventos","category_nicename":"eventos","category_parent":0}],"tag_info":false,"taxonomy_info":{"category":[{"value":7,"label":"Eventos"}]},"_links":{"self":[{"href":"http:\/\/activas.pt\/portal\/index.php?rest_route=\/wp\/v2\/posts\/1061","targetHints":{"allow":["GET"]}}],"collection":[{"href":"http:\/\/activas.pt\/portal\/index.php?rest_route=\/wp\/v2\/posts"}],"about":[{"href":"http:\/\/activas.pt\/portal\/index.php?rest_route=\/wp\/v2\/types\/post"}],"author":[{"embeddable":true,"href":"http:\/\/activas.pt\/portal\/index.php?rest_route=\/wp\/v2\/users\/1"}],"replies":[{"embeddable":true,"href":"http:\/\/activas.pt\/portal\/index.php?rest_route=%2Fwp%2Fv2%2Fcomments&post=1061"}],"version-history":[{"count":1,"href":"http:\/\/activas.pt\/portal\/index.php?rest_route=\/wp\/v2\/posts\/1061\/revisions"}],"predecessor-version":[{"id":1064,"href":"http:\/\/activas.pt\/portal\/index.php?rest_route=\/wp\/v2\/posts\/1061\/revisions\/1064"}],"wp:featuredmedia":[{"embeddable":true,"href":"http:\/\/activas.pt\/portal\/index.php?rest_route=\/wp\/v2\/media\/1063"}],"wp:attachment":[{"href":"http:\/\/activas.pt\/portal\/index.php?rest_route=%2Fwp%2Fv2%2Fmedia&parent=1061"}],"wp:term":[{"taxonomy":"category","embeddable":true,"href":"http:\/\/activas.pt\/portal\/index.php?rest_route=%2Fwp%2Fv2%2Fcategories&post=1061"},{"taxonomy":"post_tag","embeddable":true,"href":"http:\/\/activas.pt\/portal\/index.php?rest_route=%2Fwp%2Fv2%2Ftags&post=1061"}],"curies":[{"name":"wp","href":"https:\/\/api.w.org\/{rel}","templated":true}]}}